{"id":103770,"date":"2017-01-05T17:25:43","date_gmt":"2017-01-05T19:25:43","guid":{"rendered":"http:\/\/www.redenoticia.com.br\/noticia\/?p=103770"},"modified":"2017-01-05T18:27:22","modified_gmt":"2017-01-05T20:27:22","slug":"novela-cheias-de-charme-resumo-0601-fabian-muda-se-para-a-mansao-de-chayene","status":"publish","type":"post","link":"https:\/\/migracao.redenoticia.com.br\/noticia\/2017\/novela-cheias-de-charme-resumo-0601-fabian-muda-se-para-a-mansao-de-chayene\/103770","title":{"rendered":"Novela \u201cCheias de Charme\u201d resumo 06\/01: Fabian muda-se para a mans\u00e3o de Chayene"},"content":{"rendered":"<p><img loading=\"lazy\" decoding=\"async\" class=\"alignleft size-thumbnail wp-image-95548\" src=\"https:\/\/migracao.redenoticia.com.br\/noticia\/imagens\/cheias-de-charme-novela-globo-internacional-resumo-proximo-capitulo-150x112.jpg\" alt=\"cheias-de-charme-novela-globo-internacional-resumo-proximo-capitulo\" width=\"150\" height=\"112\" \/><strong><em>Novela \u201cCheias de Charme\u201d resumo 06\/01<\/em><\/strong>: por causa de Chayene, a vida de Fabian n\u00e3o est\u00e1 nada f\u00e1cil. Ele perde um contrato e seu \u00f4nibus \u00e9 atacado. Chayene pensa em engan\u00e1-lo novamente, mas o tempero afrodis\u00edaco acabou e esta se desespera. Tom tem uma solu\u00e7\u00e3o para o problema que Fabian est\u00e1 a enfrentar com a m\u00eddia. Mesmo contrariado, Fabian chega com Simone para morar na mans\u00e3o de Chayene. <\/p>\n<p>No cap\u00edtulo 080(*), novela \u201cCheias de Charme\u201d, sexta-feira, 06 de janeiro \u2013 Penha paga a d\u00edvida de Sandro e Ivone a repreende. Valda flagra M\u00e1slova tentando furtar um doce de Ariela. Isadora se irrita ao ver Conrado assistindo \u00e0 entrevista de Cida na TV. Dinha se insinua para In\u00e1cio.<\/p>\n<p>Penha pensa em colocar Sandro na Justi\u00e7a. Samuel destrata Alana no col\u00e9gio, mas ela faz sucesso com os alunos por ser irm\u00e3 de Penha. Cida e Elano namoram pelo computador. O \u00f4nibus de Fabian \u00e9 atacado. Heraldo percebe o entrosamento entre In\u00e1cio e Dinha.<\/p>\n<p>Sandro tenta animar Patrick e Penha fica dividida. Tom tem uma solu\u00e7\u00e3o para o problema que Fabian est\u00e1 enfrentando com a m\u00eddia. Penha avisa a Sandro que n\u00e3o vai mais ajud\u00e1-lo. Sarmento perde sua licen\u00e7a para advogar. Fabian chega com Simone para morar na mans\u00e3o de Chayene. Sarmento pede para conversar com Valda.<\/p>\n<p>(*) edi\u00e7\u00e3o da Rede Globo, Novela \u201cCheias de Charme\u201d, sujeito a altera\u00e7\u00e3o de data e conte\u00fado.<\/p>\n","protected":false},"excerpt":{"rendered":"<p>Novela \u201cCheias de Charme\u201d resumo 06\/01: por causa de Chayene, a vida de Fabian n\u00e3o est\u00e1 nada f\u00e1cil. Ele perde um contrato e seu \u00f4nibus \u00e9 atacado. Chayene pensa em engan\u00e1-lo novamente, mas o tempero afrodis\u00edaco acabou e esta se desespera. Tom tem uma solu\u00e7\u00e3o para o problema que Fabian est\u00e1 a enfrentar com a [&hellip;]<\/p>\n","protected":false},"author":4,"featured_media":95548,"comment_status":"open","ping_status":"closed","sticky":false,"template":"","format":"standard","meta":{"tdm_status":"","tdm_grid_status":"","footnotes":""},"categories":[379,375,343],"tags":[441],"class_list":{"0":"post-103770","1":"post","2":"type-post","3":"status-publish","4":"format-standard","5":"has-post-thumbnail","7":"category-novelas","8":"category-rede-globo","9":"category-televisao","10":"tag-resumo-do-dia"},"_links":{"self":[{"href":"https:\/\/migracao.redenoticia.com.br\/noticia\/wp-json\/wp\/v2\/posts\/103770","targetHints":{"allow":["GET"]}}],"collection":[{"href":"https:\/\/migracao.redenoticia.com.br\/noticia\/wp-json\/wp\/v2\/posts"}],"about":[{"href":"https:\/\/migracao.redenoticia.com.br\/noticia\/wp-json\/wp\/v2\/types\/post"}],"author":[{"embeddable":true,"href":"https:\/\/migracao.redenoticia.com.br\/noticia\/wp-json\/wp\/v2\/users\/4"}],"replies":[{"embeddable":true,"href":"https:\/\/migracao.redenoticia.com.br\/noticia\/wp-json\/wp\/v2\/comments?post=103770"}],"version-history":[{"count":0,"href":"https:\/\/migracao.redenoticia.com.br\/noticia\/wp-json\/wp\/v2\/posts\/103770\/revisions"}],"wp:featuredmedia":[{"embeddable":true,"href":"https:\/\/migracao.redenoticia.com.br\/noticia\/wp-json\/wp\/v2\/media\/95548"}],"wp:attachment":[{"href":"https:\/\/migracao.redenoticia.com.br\/noticia\/wp-json\/wp\/v2\/media?parent=103770"}],"wp:term":[{"taxonomy":"category","embeddable":true,"href":"https:\/\/migracao.redenoticia.com.br\/noticia\/wp-json\/wp\/v2\/categories?post=103770"},{"taxonomy":"post_tag","embeddable":true,"href":"https:\/\/migracao.redenoticia.com.br\/noticia\/wp-json\/wp\/v2\/tags?post=103770"}],"curies":[{"name":"wp","href":"https:\/\/api.w.org\/{rel}","templated":true}]}}