{"id":103782,"date":"2017-01-05T16:25:35","date_gmt":"2017-01-05T18:25:35","guid":{"rendered":"http:\/\/www.redenoticia.com.br\/noticia\/?p=103782"},"modified":"2017-01-05T18:26:08","modified_gmt":"2017-01-05T20:26:08","slug":"novela-querida-inimiga-resumo-0601-hortencia-da-um-carro-a-sara","status":"publish","type":"post","link":"https:\/\/migracao.redenoticia.com.br\/noticia\/2017\/novela-querida-inimiga-resumo-0601-hortencia-da-um-carro-a-sara\/103782","title":{"rendered":"Novela \u201cQuerida Inimiga\u201d resumo 06\/01: Hort\u00eancia d\u00e1 um carro para Sara"},"content":{"rendered":"<p><img loading=\"lazy\" decoding=\"async\" class=\"alignleft size-thumbnail wp-image-99744\" src=\"https:\/\/migracao.redenoticia.com.br\/noticia\/imagens\/querida_inimiga_resumo_novela_SBT-150x112.jpg\" alt=\"querida_inimiga_resumo_novela_sbt\" width=\"150\" height=\"112\" srcset=\"https:\/\/migracao.redenoticia.com.br\/noticia\/imagens\/querida_inimiga_resumo_novela_SBT-150x112.jpg 150w, https:\/\/migracao.redenoticia.com.br\/noticia\/imagens\/querida_inimiga_resumo_novela_SBT-265x198.jpg 265w\" sizes=\"auto, (max-width: 150px) 100vw, 150px\" \/><strong><em>Novela \u201cQuerida Inimiga\u201d resumo 06\/01<\/em><\/strong>:\u00a0Omar nota que Zulema est\u00e1 a se portar de forma estranha e pergunta se ela est\u00e1 a esconder algo. Como ele insiste, Zulema diz que Bruno deseja se casar com Diana e Sara decidiu voltar para a mans\u00e3o de Hort\u00eancia. Sara pergunta se Hort\u00eancia n\u00e3o lhe d\u00e1 um abra\u00e7o por ter voltado \u00e0 mans\u00e3o. Hort\u00eancia responde n\u00e3o gostar de externar seus sentimentos, mas vai premiar sua fidelidade. No dia seguinte, Hort\u00eancia leva Sara a uma ag\u00eancia de autom\u00f3veis e lhe compra um lindo carro branco. <\/p>\n<p>No cap\u00edtulo 038(*), novela \u201cQuerida Inimiga\u201d, sexta-feira, 06 de janeiro \u2013 Lorena tem uma crise de choro na escola de gastronomia quando come\u00e7a a se lembrar das coisas que viveram juntas desde pequenas no orfanato. Paty acompanha Lorena para fora da sala para que ela se acalme um pouco. Lorena conta da trai\u00e7\u00e3o que sofreu por parte de sua melhor amiga. Ernesto fica muito impressionado com o sofrimento de Lorena.<\/p>\n<p>Bruno recorre a Alonso para que interceda por ele junto a Diana. Ele responde que n\u00e3o quer se meter em algo t\u00e3o pessoal. Bruno o lembra que todos merecem uma segunda oportunidade. Juliano e Rose chegam \u00e0 praia e percebem que existem coisas que n\u00e3o estavam inclu\u00eddas no pr\u00eamio. V\u00e1rias garotas abordam Juliano, o que deixa Rose muito enciumada. Juliano e Rose v\u00e3o aproveitar o mar. Lalo troca o protetor solar de Rose por um bronzeador, assim Rose tem experi\u00eancia nada agrad\u00e1vel.<\/p>\n<p>Valeria, Paula, Greta e Maria se juntam para jogar baralho e se distra\u00edrem um pouco. Catarina como sempre trata de buscar problemas para Val\u00e9ria, dizendo que Arthur n\u00e3o deveria permitir suas sa\u00eddas com amigas. Omar nota que Zulema est\u00e1 se portando de forma estranha e pergunta se ela est\u00e1 escondendo algo. Como ele insiste, Zulema diz que Bruno deseja se casar com Diana e Sara decidiu voltar para a mans\u00e3o de Hort\u00eancia. Sara pergunta se Hort\u00eancia n\u00e3o lhe dar\u00e1 um abra\u00e7o por ter voltado \u00e0 mans\u00e3o. Hort\u00eancia responde n\u00e3o gostar de externar seus sentimentos, mas vai premiar sua fidelidade. No dia seguinte, Hort\u00eancia leva Sara a uma ag\u00eancia de autom\u00f3veis e lhe compra um lindo carro branco.<\/p>\n<p>(*) edi\u00e7\u00e3o do SBT, Novela \u201cQuerida Inimiga\u201d, sujeito a altera\u00e7\u00e3o de data e conte\u00fado.<\/p>\n","protected":false},"excerpt":{"rendered":"<p>Novela \u201cQuerida Inimiga\u201d resumo 06\/01:\u00a0Omar nota que Zulema est\u00e1 a se portar de forma estranha e pergunta se ela est\u00e1 a esconder algo. Como ele insiste, Zulema diz que Bruno deseja se casar com Diana e Sara decidiu voltar para a mans\u00e3o de Hort\u00eancia. Sara pergunta se Hort\u00eancia n\u00e3o lhe d\u00e1 um abra\u00e7o por ter [&hellip;]<\/p>\n","protected":false},"author":4,"featured_media":99744,"comment_status":"open","ping_status":"closed","sticky":false,"template":"","format":"standard","meta":{"tdm_status":"","tdm_grid_status":"","footnotes":""},"categories":[379,372,343],"tags":[441],"class_list":{"0":"post-103782","1":"post","2":"type-post","3":"status-publish","4":"format-standard","5":"has-post-thumbnail","7":"category-novelas","8":"category-sbt","9":"category-televisao","10":"tag-resumo-do-dia"},"_links":{"self":[{"href":"https:\/\/migracao.redenoticia.com.br\/noticia\/wp-json\/wp\/v2\/posts\/103782","targetHints":{"allow":["GET"]}}],"collection":[{"href":"https:\/\/migracao.redenoticia.com.br\/noticia\/wp-json\/wp\/v2\/posts"}],"about":[{"href":"https:\/\/migracao.redenoticia.com.br\/noticia\/wp-json\/wp\/v2\/types\/post"}],"author":[{"embeddable":true,"href":"https:\/\/migracao.redenoticia.com.br\/noticia\/wp-json\/wp\/v2\/users\/4"}],"replies":[{"embeddable":true,"href":"https:\/\/migracao.redenoticia.com.br\/noticia\/wp-json\/wp\/v2\/comments?post=103782"}],"version-history":[{"count":0,"href":"https:\/\/migracao.redenoticia.com.br\/noticia\/wp-json\/wp\/v2\/posts\/103782\/revisions"}],"wp:featuredmedia":[{"embeddable":true,"href":"https:\/\/migracao.redenoticia.com.br\/noticia\/wp-json\/wp\/v2\/media\/99744"}],"wp:attachment":[{"href":"https:\/\/migracao.redenoticia.com.br\/noticia\/wp-json\/wp\/v2\/media?parent=103782"}],"wp:term":[{"taxonomy":"category","embeddable":true,"href":"https:\/\/migracao.redenoticia.com.br\/noticia\/wp-json\/wp\/v2\/categories?post=103782"},{"taxonomy":"post_tag","embeddable":true,"href":"https:\/\/migracao.redenoticia.com.br\/noticia\/wp-json\/wp\/v2\/tags?post=103782"}],"curies":[{"name":"wp","href":"https:\/\/api.w.org\/{rel}","templated":true}]}}