{"id":103858,"date":"2017-01-06T18:25:39","date_gmt":"2017-01-06T20:25:39","guid":{"rendered":"http:\/\/www.redenoticia.com.br\/noticia\/?p=103858"},"modified":"2017-01-07T15:23:36","modified_gmt":"2017-01-07T17:23:36","slug":"novela-sol-nascente-resumo-0701-carol-abencoa-o-namoro-de-alice-e-mario","status":"publish","type":"post","link":"https:\/\/migracao.redenoticia.com.br\/noticia\/2017\/novela-sol-nascente-resumo-0701-carol-abencoa-o-namoro-de-alice-e-mario\/103858","title":{"rendered":"Novela \u201cSol Nascente\u201d resumo 07\/01: Carol aben\u00e7oa o namoro de Alice e Mario"},"content":{"rendered":"<p><img loading=\"lazy\" decoding=\"async\" class=\"alignleft size-thumbnail wp-image-91714\" src=\"https:\/\/migracao.redenoticia.com.br\/noticia\/imagens\/sol_nascente_resumo_novela_globo-150x112.jpg\" alt=\"sol_nascente_resumo_novela_globo\" width=\"150\" height=\"112\" srcset=\"https:\/\/migracao.redenoticia.com.br\/noticia\/imagens\/sol_nascente_resumo_novela_globo-150x112.jpg 150w, https:\/\/migracao.redenoticia.com.br\/noticia\/imagens\/sol_nascente_resumo_novela_globo-265x198.jpg 265w\" sizes=\"auto, (max-width: 150px) 100vw, 150px\" \/><strong><em>Novela \u201cSol Nascente\u201d resumo 07\/01<\/em><\/strong>: gr\u00e1vida de\u00a0C\u00e9sar, Carol acaba por parar no lugar certo, na hora certa. Escondida no banheiro do quarto do vil\u00e3o, ela ouve uma conversa reveladora. Quando Mocinha pressiona o sobrinho sobre jeito com que ele olha para\u00a0Alice, C\u00e9sar abre o cora\u00e7\u00e3o e diz que a ama loucamente. Mocinha ainda tenta questionar C\u00e9sar sobre Carol e ele responde que n\u00e3o gosta dela. Ent\u00e3o, Carol cai na real e entende que o amor declarado por ele n\u00e3o passou de uma farsa. Carol n\u00e3o conta o que descobriu a C\u00e9sar e resolve se vingar. Ela procura Alice e diz que aben\u00e7oa o namoro dela com Mario. C\u00e9sar flagra Carol com Alice e n\u00e3o gosta. Mais tarde, Carol sofre por causa de C\u00e9sar.<\/p>\n<p>No cap\u00edtulo 113(*), novela \u201cSol Nascente\u201d, s\u00e1bado, 07 de janeiro \u2013 Alice estranha \u00e0 visita de Carol. Milena desiste de almo\u00e7ar com Pietra e Mariano e Loretta fica furiosa. Damasceno leva Patrick at\u00e9 o galp\u00e3o de Massao. C\u00e9sar flagra Carol com Alice. Ralf desconfia de Milena. <\/p>\n<p>Mario explica o plano de fuga para Wagner. C\u00e9sar manda Jo\u00e3o Amaro invadir a casa de Wagner. Lenita se emociona com Flavinha. Vanda e Nuno conversam com Dona Xavier sobre o casamento de Chica e Quirino. Tiago fica desconfort\u00e1vel com o jantar na casa de Yumi. <\/p>\n<p>Loretta faz amea\u00e7as a Vittorio. Ralf pede Milena em casamento. Carol sofre por causa de C\u00e9sar. Mario se prepara para ajudar na fuga da fam\u00edlia de Wagner. C\u00e9sar leva Damasceno e Patrick para mostrar as falsas provas contra Massao para Alice.<\/p>\n<p>(*) edi\u00e7\u00e3o da Rede Globo, Novela \u201cSol Nascente\u201d, sujeito a altera\u00e7\u00e3o de data e conte\u00fado.<\/p>\n","protected":false},"excerpt":{"rendered":"<p>Novela \u201cSol Nascente\u201d resumo 07\/01: gr\u00e1vida de\u00a0C\u00e9sar, Carol acaba por parar no lugar certo, na hora certa. Escondida no banheiro do quarto do vil\u00e3o, ela ouve uma conversa reveladora. Quando Mocinha pressiona o sobrinho sobre jeito com que ele olha para\u00a0Alice, C\u00e9sar abre o cora\u00e7\u00e3o e diz que a ama loucamente. Mocinha ainda tenta questionar [&hellip;]<\/p>\n","protected":false},"author":4,"featured_media":91714,"comment_status":"open","ping_status":"closed","sticky":false,"template":"","format":"standard","meta":{"tdm_status":"","tdm_grid_status":"","footnotes":""},"categories":[379,375,343],"tags":[441],"class_list":{"0":"post-103858","1":"post","2":"type-post","3":"status-publish","4":"format-standard","5":"has-post-thumbnail","7":"category-novelas","8":"category-rede-globo","9":"category-televisao","10":"tag-resumo-do-dia"},"_links":{"self":[{"href":"https:\/\/migracao.redenoticia.com.br\/noticia\/wp-json\/wp\/v2\/posts\/103858","targetHints":{"allow":["GET"]}}],"collection":[{"href":"https:\/\/migracao.redenoticia.com.br\/noticia\/wp-json\/wp\/v2\/posts"}],"about":[{"href":"https:\/\/migracao.redenoticia.com.br\/noticia\/wp-json\/wp\/v2\/types\/post"}],"author":[{"embeddable":true,"href":"https:\/\/migracao.redenoticia.com.br\/noticia\/wp-json\/wp\/v2\/users\/4"}],"replies":[{"embeddable":true,"href":"https:\/\/migracao.redenoticia.com.br\/noticia\/wp-json\/wp\/v2\/comments?post=103858"}],"version-history":[{"count":0,"href":"https:\/\/migracao.redenoticia.com.br\/noticia\/wp-json\/wp\/v2\/posts\/103858\/revisions"}],"wp:featuredmedia":[{"embeddable":true,"href":"https:\/\/migracao.redenoticia.com.br\/noticia\/wp-json\/wp\/v2\/media\/91714"}],"wp:attachment":[{"href":"https:\/\/migracao.redenoticia.com.br\/noticia\/wp-json\/wp\/v2\/media?parent=103858"}],"wp:term":[{"taxonomy":"category","embeddable":true,"href":"https:\/\/migracao.redenoticia.com.br\/noticia\/wp-json\/wp\/v2\/categories?post=103858"},{"taxonomy":"post_tag","embeddable":true,"href":"https:\/\/migracao.redenoticia.com.br\/noticia\/wp-json\/wp\/v2\/tags?post=103858"}],"curies":[{"name":"wp","href":"https:\/\/api.w.org\/{rel}","templated":true}]}}