{"id":103948,"date":"2017-01-07T18:23:39","date_gmt":"2017-01-07T20:23:39","guid":{"rendered":"http:\/\/www.redenoticia.com.br\/noticia\/?p=103948"},"modified":"2017-01-07T15:57:35","modified_gmt":"2017-01-07T17:57:35","slug":"novela-sol-nascente-resumo-0901-wagner-confessa-segredo-a-mario","status":"publish","type":"post","link":"https:\/\/migracao.redenoticia.com.br\/noticia\/2017\/novela-sol-nascente-resumo-0901-wagner-confessa-segredo-a-mario\/103948","title":{"rendered":"Novela \u201cSol Nascente\u201d resumo 09\/01: Wagner confessa segredo a Mario"},"content":{"rendered":"<p><img loading=\"lazy\" decoding=\"async\" class=\"alignleft size-thumbnail wp-image-91714\" src=\"https:\/\/migracao.redenoticia.com.br\/noticia\/imagens\/sol_nascente_resumo_novela_globo-150x112.jpg\" alt=\"sol_nascente_resumo_novela_globo\" width=\"150\" height=\"112\" srcset=\"https:\/\/migracao.redenoticia.com.br\/noticia\/imagens\/sol_nascente_resumo_novela_globo-150x112.jpg 150w, https:\/\/migracao.redenoticia.com.br\/noticia\/imagens\/sol_nascente_resumo_novela_globo-265x198.jpg 265w\" sizes=\"auto, (max-width: 150px) 100vw, 150px\" \/><strong><em>Novela \u201cSol Nascente\u201d resumo 09\/01<\/em><\/strong>: C\u00e9sar manda plantar provas em Arraial do Sol Nascente para que Damasceno conclua que Massao foi o respons\u00e1vel pela explos\u00e3o dos barcos de Tanaka. Mas, Mario n\u00e3o fica satisfeito e, depois de se separar de Alice por causa de suas suspeitas contra C\u00e9sar, ele parte para a Bahia e tenta proteger Wagner e sua fam\u00edlia. Mario acredita que o ex-funcion\u00e1rio da Arraial Pescados \u00e9 o \u00fanico que sabe a identidade do mandante da explos\u00e3o das traineiras e pretende convenc\u00ea-lo a depor. Ent\u00e3o, Mario se prepara para ajudar na fuga da fam\u00edlia de Wagner. Mario e Wagner ajudam Maria e Lindalva a sa\u00edrem de casa. A casa de Wagner \u00e9 invadida. Mario e Wagner s\u00e3o perseguidos por Jo\u00e3o Amaro e seus capangas. Antes de serem capturados, Wagner confessa a Mario que Cesar foi o mandante da explos\u00e3o nas traineiras.<\/p>\n<p>No cap\u00edtulo 114(*), novela \u201cSol Nascente\u201d, segunda-feira, 09 de janeiro \u2013 Alice acredita nas provas mostradas por Damasceno e Cesar comemora. Mario e Wagner ajudam Maria e Lindalva a sa\u00edrem de casa. A casa de Wagner \u00e9 invadida. Mario e Wagner s\u00e3o perseguidos por Jo\u00e3o Amaro e seus capangas. <\/p>\n<p>Wagner confessa a Mario que Cesar foi o mandante da explos\u00e3o nas traineiras. Mario e Wagner s\u00e3o capturados. Carolina afirma que se vingar\u00e1 de Cesar. Vittorio leva Loretta ao cart\u00f3rio. Paula sugere que Elisa e Dora se associem e abram uma empresa. Alice ajuda Tanaka a escolher sua roupa para o baile no Rota 64. <\/p>\n<p>Loretta afirma a Vittorio que n\u00e3o sair\u00e1 da casa dos De Angeli. Alice vai com Damasceno, Cesar e Patrick falar com o delegado Mesquita. Sinh\u00e1 volta para Arraial do Sol Nascente.<\/p>\n<p>(*) edi\u00e7\u00e3o da Rede Globo, Novela \u201cSol Nascente\u201d, sujeito a altera\u00e7\u00e3o de data e conte\u00fado.<\/p>\n","protected":false},"excerpt":{"rendered":"<p>Novela \u201cSol Nascente\u201d resumo 09\/01: C\u00e9sar manda plantar provas em Arraial do Sol Nascente para que Damasceno conclua que Massao foi o respons\u00e1vel pela explos\u00e3o dos barcos de Tanaka. Mas, Mario n\u00e3o fica satisfeito e, depois de se separar de Alice por causa de suas suspeitas contra C\u00e9sar, ele parte para a Bahia e tenta [&hellip;]<\/p>\n","protected":false},"author":2,"featured_media":93943,"comment_status":"open","ping_status":"closed","sticky":false,"template":"","format":"standard","meta":{"tdm_status":"","tdm_grid_status":"","footnotes":""},"categories":[379,375,343],"tags":[441],"class_list":{"0":"post-103948","1":"post","2":"type-post","3":"status-publish","4":"format-standard","5":"has-post-thumbnail","7":"category-novelas","8":"category-rede-globo","9":"category-televisao","10":"tag-resumo-do-dia"},"_links":{"self":[{"href":"https:\/\/migracao.redenoticia.com.br\/noticia\/wp-json\/wp\/v2\/posts\/103948","targetHints":{"allow":["GET"]}}],"collection":[{"href":"https:\/\/migracao.redenoticia.com.br\/noticia\/wp-json\/wp\/v2\/posts"}],"about":[{"href":"https:\/\/migracao.redenoticia.com.br\/noticia\/wp-json\/wp\/v2\/types\/post"}],"author":[{"embeddable":true,"href":"https:\/\/migracao.redenoticia.com.br\/noticia\/wp-json\/wp\/v2\/users\/2"}],"replies":[{"embeddable":true,"href":"https:\/\/migracao.redenoticia.com.br\/noticia\/wp-json\/wp\/v2\/comments?post=103948"}],"version-history":[{"count":0,"href":"https:\/\/migracao.redenoticia.com.br\/noticia\/wp-json\/wp\/v2\/posts\/103948\/revisions"}],"wp:featuredmedia":[{"embeddable":true,"href":"https:\/\/migracao.redenoticia.com.br\/noticia\/wp-json\/wp\/v2\/media\/93943"}],"wp:attachment":[{"href":"https:\/\/migracao.redenoticia.com.br\/noticia\/wp-json\/wp\/v2\/media?parent=103948"}],"wp:term":[{"taxonomy":"category","embeddable":true,"href":"https:\/\/migracao.redenoticia.com.br\/noticia\/wp-json\/wp\/v2\/categories?post=103948"},{"taxonomy":"post_tag","embeddable":true,"href":"https:\/\/migracao.redenoticia.com.br\/noticia\/wp-json\/wp\/v2\/tags?post=103948"}],"curies":[{"name":"wp","href":"https:\/\/api.w.org\/{rel}","templated":true}]}}