{"id":103964,"date":"2017-01-09T06:28:30","date_gmt":"2017-01-09T08:28:30","guid":{"rendered":"http:\/\/www.redenoticia.com.br\/noticia\/?p=103964"},"modified":"2017-01-07T19:31:21","modified_gmt":"2017-01-07T21:31:21","slug":"artesp-abre-concurso-publico-para-preenchimento-de-126-vagas","status":"publish","type":"post","link":"https:\/\/migracao.redenoticia.com.br\/noticia\/2017\/artesp-abre-concurso-publico-para-preenchimento-de-126-vagas\/103964","title":{"rendered":"Artesp abre concurso p\u00fablico para preenchimento de 126 vagas"},"content":{"rendered":"<p><strong><em>Artesp abre concurso p\u00fablico<\/em><\/strong>: os interessados em participar do concurso p\u00fablico da Ag\u00eancia Reguladora de Transporte do Estado de S\u00e3o Paulo (Artesp) podem fazer as inscri\u00e7\u00f5es no per\u00edodo de 10 de janeiro a 15 de mar\u00e7o de 2017. S\u00e3o 126 vagas de n\u00edvel superior e m\u00e9dio e os sal\u00e1rios variam de R$ 2.777,00 a R$ 10.285,00. As provas ser\u00e3o realizadas no dia 30 de abril.<\/p>\n<p>O edital do concurso est\u00e1 dispon\u00edvel no . As inscri\u00e7\u00f5es podem ser feitas exclusivamente pelo site , a partir das 10h do dia 10 de janeiro at\u00e9 \u00e0s 14h do dia 15 de mar\u00e7o.<\/p>\n<p>A Artesp \u00e9 a ag\u00eancia reguladora que fiscaliza as concess\u00f5es rodovi\u00e1rias do Estado de S\u00e3o Paulo e o Transporte Intermunicipal Rodovi\u00e1rio de Passageiros, al\u00e9m do processo de concess\u00e3o dos aeroportos regionais paulistas.<\/p>\n<p>Do Portal do Governo do Estado SP<\/p>\n","protected":false},"excerpt":{"rendered":"<p>Artesp abre concurso p\u00fablico: os interessados em participar do concurso p\u00fablico da Ag\u00eancia Reguladora de Transporte do Estado de S\u00e3o Paulo (Artesp) podem fazer as inscri\u00e7\u00f5es no per\u00edodo de 10 de janeiro a 15 de mar\u00e7o de 2017. S\u00e3o 126 vagas de n\u00edvel superior e m\u00e9dio e os sal\u00e1rios variam de R$ 2.777,00 a R$ [&hellip;]<\/p>\n","protected":false},"author":2,"featured_media":28954,"comment_status":"open","ping_status":"closed","sticky":false,"template":"","format":"standard","meta":{"tdm_status":"","tdm_grid_status":"","footnotes":""},"categories":[22,352,370],"tags":[],"class_list":{"0":"post-103964","1":"post","2":"type-post","3":"status-publish","4":"format-standard","5":"has-post-thumbnail","7":"category-brasil","8":"category-concursos","9":"category-inscricao"},"_links":{"self":[{"href":"https:\/\/migracao.redenoticia.com.br\/noticia\/wp-json\/wp\/v2\/posts\/103964","targetHints":{"allow":["GET"]}}],"collection":[{"href":"https:\/\/migracao.redenoticia.com.br\/noticia\/wp-json\/wp\/v2\/posts"}],"about":[{"href":"https:\/\/migracao.redenoticia.com.br\/noticia\/wp-json\/wp\/v2\/types\/post"}],"author":[{"embeddable":true,"href":"https:\/\/migracao.redenoticia.com.br\/noticia\/wp-json\/wp\/v2\/users\/2"}],"replies":[{"embeddable":true,"href":"https:\/\/migracao.redenoticia.com.br\/noticia\/wp-json\/wp\/v2\/comments?post=103964"}],"version-history":[{"count":0,"href":"https:\/\/migracao.redenoticia.com.br\/noticia\/wp-json\/wp\/v2\/posts\/103964\/revisions"}],"wp:featuredmedia":[{"embeddable":true,"href":"https:\/\/migracao.redenoticia.com.br\/noticia\/wp-json\/wp\/v2\/media\/28954"}],"wp:attachment":[{"href":"https:\/\/migracao.redenoticia.com.br\/noticia\/wp-json\/wp\/v2\/media?parent=103964"}],"wp:term":[{"taxonomy":"category","embeddable":true,"href":"https:\/\/migracao.redenoticia.com.br\/noticia\/wp-json\/wp\/v2\/categories?post=103964"},{"taxonomy":"post_tag","embeddable":true,"href":"https:\/\/migracao.redenoticia.com.br\/noticia\/wp-json\/wp\/v2\/tags?post=103964"}],"curies":[{"name":"wp","href":"https:\/\/api.w.org\/{rel}","templated":true}]}}