{"id":104015,"date":"2017-01-20T08:47:06","date_gmt":"2017-01-20T10:47:06","guid":{"rendered":"http:\/\/www.redenoticia.com.br\/noticia\/?p=104015"},"modified":"2018-08-13T10:29:46","modified_gmt":"2018-08-13T13:29:46","slug":"bbb-17","status":"publish","type":"post","link":"https:\/\/migracao.redenoticia.com.br\/noticia\/2017\/bbb-17\/104015","title":{"rendered":"&#8220;BBB&#8221;17: estreia em 23 de janeiro com grupo ecl\u00e9tico e casa colorida"},"content":{"rendered":"<p><img loading=\"lazy\" decoding=\"async\" class=\"alignleft size-thumbnail wp-image-64481\" src=\"https:\/\/migracao.redenoticia.com.br\/noticia\/imagens\/bbb_noticia_globo-150x112.jpg\" alt=\"\" width=\"150\" height=\"112\" srcset=\"https:\/\/migracao.redenoticia.com.br\/noticia\/imagens\/bbb_noticia_globo-150x112.jpg 150w, https:\/\/migracao.redenoticia.com.br\/noticia\/imagens\/bbb_noticia_globo-265x198.jpg 265w\" sizes=\"auto, (max-width: 150px) 100vw, 150px\" \/><strong><em>&#8220;BBB&#8221; 17<\/em><\/strong>: com a apresenta\u00e7\u00e3o de Tiago Leifert, o &#8220;BBB&#8221; 17 estreia no dia 23 de janeiro com um grupo ecl\u00e9tico. A produ\u00e7\u00e3o do reality trabalhou o ano inteiro na sele\u00e7\u00e3o dos participantes e esteve em 11 capitais brasileiras, duas delas, pela primeira vez: Macei\u00f3 e Manaus. A parte externa da casa foi totalmente reformulada com inspira\u00e7\u00e3o numa vila, bem do jeitinho brasileiro: cores por todos os lados.<\/p>\n<p>Not\u00edcia relacionada <\/p>\n<p>Participantes:<\/p>\n<p>A advogada Vivian Amorim, de 23 anos. Natural de Manaus (AM), ela foi Miss Amazonas 2012.<\/p>\n<p>R\u00f4mulo Neves, 39 anos, \u00e9 casado, morador de Bras\u00edlia, diplomata e j\u00e1 lan\u00e7ou dois livros.<\/p>\n<p>Roberta Diniz, 21, mora em S\u00e3o Paulo, \u00e9 estudante de servi\u00e7o social e faz v\u00eddeos para o YouTube.<\/p>\n<p>Pedro Falc\u00e3o, 29, Jornalista e apresentador, paulista que vive no universo dos games.<\/p>\n<p>Modelo e bacharel em direito, Mayara Rodrigues \u00e9 natural de Minas Gerais e est\u00e1 aberta a relacionamentos.<\/p>\n<p>Marinalva Almeida, paratleta e modelo. Representou o Brasil na vela durante a Paralimp\u00edada de 2016.<\/p>\n<p>Ga\u00facho de Porto Alegre, Marcos Harter \u00e9 cirurgi\u00e3o pl\u00e1stico e tem 37 anos.<\/p>\n<p>O empres\u00e1rio alagoano Luiz Felipe tem 28 anos e se define como nerd.<\/p>\n<p>O advogado Ilmar Fonseca \u00e9 natural de Campo Grande (MS), 38 anos.<\/p>\n<p>Ieda tem 70 anos, \u00e9 aposentada e vem de Canoas, do Rio Grande do Sul.<\/p>\n<p>Gabriela Flor, de 27 anos, \u00e9 de Salvador (BA), formada pela Royal Academy of Dance de Londres.<\/p>\n<p>Dona de um sal\u00e3o de beleza, Elis Nair, de 40 anos, j\u00e1 foi camel\u00f4 e \u00e9 m\u00e3e de tr\u00eas filhos.<\/p>\n<p>Agente de tr\u00e2nsito, Daniel Fontes, de Ferraz de Vasconcelos (SP), tem 41 anos e \u00e9 pai de uma filha.<\/p>\n<p>A nova edi\u00e7\u00e3o do &#8220;Big Brother Brasil&#8221; vai come\u00e7ar com uma disputa por duas vagas na casa. Os g\u00eameos de Vit\u00f3ria (ES), Ant\u00f4nio e Manoel Rafaski, 23 anos, ir\u00e3o disputar com as irm\u00e3s Emilly e Mayla, de 20 anos, de El Dourado do Sul, no Rio Grande do Sul. A decis\u00e3o caber\u00e1 ao p\u00fablico, que vai escolher apenas um irm\u00e3o de cada dupla para entrar no jogo.<\/p>\n<p>Apresentadores<br \/>\nAl\u00e9m do apresentador Tiago Leifert, outros dois nomes j\u00e1 s\u00e3o oficiais dentro do time que comandar\u00e1 o programa: Rafael Cortez e Paulinho Serra.<\/p>\n<p>Enquanto Paulinho Serra vai para as ruas descobrir o que a galera est\u00e1 pensando sobre o comportamento dos brothers, Rafael Cortez ter\u00e1 um quadro dentro do reality em que ele dar\u00e1 voz aos internautas.<\/p>\n<p>Fonte: &#8220;BBB&#8221;17<\/p>\n","protected":false},"excerpt":{"rendered":"<p>&#8220;BBB&#8221; 17: com a apresenta\u00e7\u00e3o de Tiago Leifert, o &#8220;BBB&#8221; 17 estreia no dia 23 de janeiro com um grupo ecl\u00e9tico. A produ\u00e7\u00e3o do reality trabalhou o ano inteiro na sele\u00e7\u00e3o dos participantes e esteve em 11 capitais brasileiras, duas delas, pela primeira vez: Macei\u00f3 e Manaus. A parte externa da casa foi totalmente reformulada [&hellip;]<\/p>\n","protected":false},"author":2,"featured_media":64481,"comment_status":"open","ping_status":"closed","sticky":false,"template":"","format":"standard","meta":{"tdm_status":"","tdm_grid_status":"","footnotes":""},"categories":[520,375,343],"tags":[],"class_list":{"0":"post-104015","1":"post","2":"type-post","3":"status-publish","4":"format-standard","5":"has-post-thumbnail","7":"category-big-brother-brasil","8":"category-rede-globo","9":"category-televisao"},"_links":{"self":[{"href":"https:\/\/migracao.redenoticia.com.br\/noticia\/wp-json\/wp\/v2\/posts\/104015","targetHints":{"allow":["GET"]}}],"collection":[{"href":"https:\/\/migracao.redenoticia.com.br\/noticia\/wp-json\/wp\/v2\/posts"}],"about":[{"href":"https:\/\/migracao.redenoticia.com.br\/noticia\/wp-json\/wp\/v2\/types\/post"}],"author":[{"embeddable":true,"href":"https:\/\/migracao.redenoticia.com.br\/noticia\/wp-json\/wp\/v2\/users\/2"}],"replies":[{"embeddable":true,"href":"https:\/\/migracao.redenoticia.com.br\/noticia\/wp-json\/wp\/v2\/comments?post=104015"}],"version-history":[{"count":0,"href":"https:\/\/migracao.redenoticia.com.br\/noticia\/wp-json\/wp\/v2\/posts\/104015\/revisions"}],"wp:featuredmedia":[{"embeddable":true,"href":"https:\/\/migracao.redenoticia.com.br\/noticia\/wp-json\/wp\/v2\/media\/64481"}],"wp:attachment":[{"href":"https:\/\/migracao.redenoticia.com.br\/noticia\/wp-json\/wp\/v2\/media?parent=104015"}],"wp:term":[{"taxonomy":"category","embeddable":true,"href":"https:\/\/migracao.redenoticia.com.br\/noticia\/wp-json\/wp\/v2\/categories?post=104015"},{"taxonomy":"post_tag","embeddable":true,"href":"https:\/\/migracao.redenoticia.com.br\/noticia\/wp-json\/wp\/v2\/tags?post=104015"}],"curies":[{"name":"wp","href":"https:\/\/api.w.org\/{rel}","templated":true}]}}