{"id":104033,"date":"2017-01-09T18:05:06","date_gmt":"2017-01-09T20:05:06","guid":{"rendered":"http:\/\/www.redenoticia.com.br\/noticia\/?p=104033"},"modified":"2017-01-09T19:29:18","modified_gmt":"2017-01-09T21:29:18","slug":"novela-malhacao-resumo-0901-jessica-e-martinha-emocionam-se-com-a-ultrassonografia","status":"publish","type":"post","link":"https:\/\/migracao.redenoticia.com.br\/noticia\/2017\/novela-malhacao-resumo-0901-jessica-e-martinha-emocionam-se-com-a-ultrassonografia\/104033","title":{"rendered":"Novela \u201cMalha\u00e7\u00e3o\u201d resumo 10\/01: Martinha se emociona com a ultrassonografia"},"content":{"rendered":"<p><img loading=\"lazy\" decoding=\"async\" class=\"alignleft size-thumbnail wp-image-91715\" src=\"https:\/\/migracao.redenoticia.com.br\/noticia\/imagens\/malhacao_pro_dia_nascer_feliz_resumo_novela-150x112.jpg\" alt=\"malhacao_pro_dia_nascer_feliz_resumo_novela\" width=\"150\" height=\"112\" srcset=\"https:\/\/migracao.redenoticia.com.br\/noticia\/imagens\/malhacao_pro_dia_nascer_feliz_resumo_novela-150x112.jpg 150w, https:\/\/migracao.redenoticia.com.br\/noticia\/imagens\/malhacao_pro_dia_nascer_feliz_resumo_novela-265x198.jpg 265w\" sizes=\"auto, (max-width: 150px) 100vw, 150px\" \/><strong><em>Novela \u201cMalha\u00e7\u00e3o\u201d resumo 10\/01<\/em><\/strong>: preocupada com sua melhor amiga, Juliana procura J\u00e9ssica\u00a0para saber o que tanto aflige Martinha. J\u00e9ssica diz que o problema \u00e9 s\u00e9rio e que ela vai ganhar um sobrinho. Juliana fica chocada com a not\u00edcia. Mais tarde, Juliana questiona Jab\u00e1 sobre a paternidade do filho que Martinha espera. J\u00e9ssica e Martinha se emocionam na ultrassonografia, enquanto Jab\u00e1 e Lucas se perguntam sobre a paternidade do beb\u00ea da garota.<\/p>\n<p>No cap\u00edtulo 102 (*), novela \u201cMalha\u00e7\u00e3o\u201d, ter\u00e7a-feira, 10 de janeiro \u2013 J\u00e9ssica desconfia de que J\u00fanior tamb\u00e9m possa ser o pai do filho que Martinha espera. Irene \u00e9 rude com Joana na frente de Damiana. Ricardo repreende B\u00e1rbara, Clara e Vera por promoverem fofocas na academia.<\/p>\n<p>Juliana questiona Jab\u00e1 sobre a paternidade do filho que Martinha espera. Alisson ignora os coment\u00e1rios de Arthur. T\u00e2nia repreende Toninho ao v\u00ea-lo chegar \u00e0 academia. Belloto se incomoda com a sequ\u00eancia de exerc\u00edcios que Alisson passa para Arthur. Clara se insinua para R\u00f4mulo.<\/p>\n<p>Toninho faz uma revela\u00e7\u00e3o a todos na academia. J\u00e9ssica e Martinha se emocionam na ultrassonografia. Joana e B\u00e1rbara se confrontam. Jab\u00e1 e Lucas se perguntam sobre a paternidade do beb\u00ea de Martinha. Ricardo flagra B\u00e1rbara e Joana discutindo.<\/p>\n<p>(*) edi\u00e7\u00e3o da Rede Globo, Novela \u201cMalha\u00e7\u00e3o\u201d, sujeito a altera\u00e7\u00e3o de data e conte\u00fado<\/p>\n","protected":false},"excerpt":{"rendered":"<p>Novela \u201cMalha\u00e7\u00e3o\u201d resumo 10\/01: preocupada com sua melhor amiga, Juliana procura J\u00e9ssica\u00a0para saber o que tanto aflige Martinha. J\u00e9ssica diz que o problema \u00e9 s\u00e9rio e que ela vai ganhar um sobrinho. Juliana fica chocada com a not\u00edcia. Mais tarde, Juliana questiona Jab\u00e1 sobre a paternidade do filho que Martinha espera. J\u00e9ssica e Martinha se [&hellip;]<\/p>\n","protected":false},"author":4,"featured_media":91715,"comment_status":"open","ping_status":"closed","sticky":false,"template":"","format":"standard","meta":{"tdm_status":"","tdm_grid_status":"","footnotes":""},"categories":[447,379,375,343],"tags":[441],"class_list":{"0":"post-104033","1":"post","2":"type-post","3":"status-publish","4":"format-standard","5":"has-post-thumbnail","7":"category-malhacao","8":"category-novelas","9":"category-rede-globo","10":"category-televisao","11":"tag-resumo-do-dia"},"_links":{"self":[{"href":"https:\/\/migracao.redenoticia.com.br\/noticia\/wp-json\/wp\/v2\/posts\/104033","targetHints":{"allow":["GET"]}}],"collection":[{"href":"https:\/\/migracao.redenoticia.com.br\/noticia\/wp-json\/wp\/v2\/posts"}],"about":[{"href":"https:\/\/migracao.redenoticia.com.br\/noticia\/wp-json\/wp\/v2\/types\/post"}],"author":[{"embeddable":true,"href":"https:\/\/migracao.redenoticia.com.br\/noticia\/wp-json\/wp\/v2\/users\/4"}],"replies":[{"embeddable":true,"href":"https:\/\/migracao.redenoticia.com.br\/noticia\/wp-json\/wp\/v2\/comments?post=104033"}],"version-history":[{"count":0,"href":"https:\/\/migracao.redenoticia.com.br\/noticia\/wp-json\/wp\/v2\/posts\/104033\/revisions"}],"wp:featuredmedia":[{"embeddable":true,"href":"https:\/\/migracao.redenoticia.com.br\/noticia\/wp-json\/wp\/v2\/media\/91715"}],"wp:attachment":[{"href":"https:\/\/migracao.redenoticia.com.br\/noticia\/wp-json\/wp\/v2\/media?parent=104033"}],"wp:term":[{"taxonomy":"category","embeddable":true,"href":"https:\/\/migracao.redenoticia.com.br\/noticia\/wp-json\/wp\/v2\/categories?post=104033"},{"taxonomy":"post_tag","embeddable":true,"href":"https:\/\/migracao.redenoticia.com.br\/noticia\/wp-json\/wp\/v2\/tags?post=104033"}],"curies":[{"name":"wp","href":"https:\/\/api.w.org\/{rel}","templated":true}]}}