{"id":104086,"date":"2017-01-10T06:38:45","date_gmt":"2017-01-10T08:38:45","guid":{"rendered":"http:\/\/www.redenoticia.com.br\/noticia\/?p=104086"},"modified":"2017-01-09T20:40:02","modified_gmt":"2017-01-09T22:40:02","slug":"centro-paula-souza-oferece-cursos-on-line","status":"publish","type":"post","link":"https:\/\/migracao.redenoticia.com.br\/noticia\/2017\/centro-paula-souza-oferece-cursos-on-line\/104086","title":{"rendered":"Centro Paula Souza oferece cursos on-line"},"content":{"rendered":"<p> Quem tem interesse em aprimorar os conhecimentos na \u00e1rea de gest\u00e3o de pessoas, edi\u00e7\u00e3o de imagens ou projetos pode participar dos <strong><em>cursos \u00e0 dist\u00e2ncia<\/em><\/strong> oferecidos pelo Centro Paula Souza. Basta acessar a plataforma  e se inscrever nos cursos livres da entidade.<\/p>\n<p>Atualmente s\u00e3o cinco op\u00e7\u00f5es: Mercado de Trabalho, AutoCad, Gest\u00e3o de Pessoas, Canvas e Gest\u00e3o de Tempo. Din\u00e2micas, as aulas contam com leituras, v\u00eddeos, jogos e tamb\u00e9m exerc\u00edcio. Cada curso conta com carga hor\u00e1ria diferente de 6 a 30 horas.<\/p>\n<p>Como Funciona?<br \/>\nPara acesso completo aos Cursos Livres (MOOC) do Centro Paula Souza, \u00e9 preciso criar uma conta no ambiente virtual de aprendizagem da institui\u00e7\u00e3o. Em seguida, preencher o formul\u00e1rio de cadastramento, fazer a confirma\u00e7\u00e3o do cadastro e acessar o curso conforme as instru\u00e7\u00f5es que ser\u00e3o exibidas.<\/p>\n<p>Do Portal do Governo do Estado SP<\/p>\n","protected":false},"excerpt":{"rendered":"<p>Quem tem interesse em aprimorar os conhecimentos na \u00e1rea de gest\u00e3o de pessoas, edi\u00e7\u00e3o de imagens ou projetos pode participar dos cursos \u00e0 dist\u00e2ncia oferecidos pelo Centro Paula Souza. Basta acessar a plataforma e se inscrever nos cursos livres da entidade. Atualmente s\u00e3o cinco op\u00e7\u00f5es: Mercado de Trabalho, AutoCad, Gest\u00e3o de Pessoas, Canvas e Gest\u00e3o [&hellip;]<\/p>\n","protected":false},"author":2,"featured_media":57577,"comment_status":"open","ping_status":"closed","sticky":false,"template":"","format":"standard","meta":{"tdm_status":"","tdm_grid_status":"","footnotes":""},"categories":[22,351,370],"tags":[],"class_list":{"0":"post-104086","1":"post","2":"type-post","3":"status-publish","4":"format-standard","5":"has-post-thumbnail","7":"category-brasil","8":"category-cursos","9":"category-inscricao"},"_links":{"self":[{"href":"https:\/\/migracao.redenoticia.com.br\/noticia\/wp-json\/wp\/v2\/posts\/104086","targetHints":{"allow":["GET"]}}],"collection":[{"href":"https:\/\/migracao.redenoticia.com.br\/noticia\/wp-json\/wp\/v2\/posts"}],"about":[{"href":"https:\/\/migracao.redenoticia.com.br\/noticia\/wp-json\/wp\/v2\/types\/post"}],"author":[{"embeddable":true,"href":"https:\/\/migracao.redenoticia.com.br\/noticia\/wp-json\/wp\/v2\/users\/2"}],"replies":[{"embeddable":true,"href":"https:\/\/migracao.redenoticia.com.br\/noticia\/wp-json\/wp\/v2\/comments?post=104086"}],"version-history":[{"count":0,"href":"https:\/\/migracao.redenoticia.com.br\/noticia\/wp-json\/wp\/v2\/posts\/104086\/revisions"}],"wp:featuredmedia":[{"embeddable":true,"href":"https:\/\/migracao.redenoticia.com.br\/noticia\/wp-json\/wp\/v2\/media\/57577"}],"wp:attachment":[{"href":"https:\/\/migracao.redenoticia.com.br\/noticia\/wp-json\/wp\/v2\/media?parent=104086"}],"wp:term":[{"taxonomy":"category","embeddable":true,"href":"https:\/\/migracao.redenoticia.com.br\/noticia\/wp-json\/wp\/v2\/categories?post=104086"},{"taxonomy":"post_tag","embeddable":true,"href":"https:\/\/migracao.redenoticia.com.br\/noticia\/wp-json\/wp\/v2\/tags?post=104086"}],"curies":[{"name":"wp","href":"https:\/\/api.w.org\/{rel}","templated":true}]}}