{"id":104088,"date":"2017-01-10T06:40:08","date_gmt":"2017-01-10T08:40:08","guid":{"rendered":"http:\/\/www.redenoticia.com.br\/noticia\/?p=104088"},"modified":"2017-01-09T20:42:06","modified_gmt":"2017-01-09T22:42:06","slug":"conservatorio-de-tatui-tem-vagas-abertas","status":"publish","type":"post","link":"https:\/\/migracao.redenoticia.com.br\/noticia\/2017\/conservatorio-de-tatui-tem-vagas-abertas\/104088","title":{"rendered":"Conservat\u00f3rio de Tatu\u00ed tem vagas abertas"},"content":{"rendered":"<p>Interessados por artes e m\u00fasicas podem se inscrever at\u00e9 dia 20 de janeiro no <strong><em>Conservat\u00f3rio de Tatu\u00ed<\/em><\/strong>. H\u00e1 vagas para crian\u00e7as a partir dos quatro anos de idade. A partir do pr\u00f3ximo ano, o processo seletivo para novos alunos trar\u00e1 novidades.<\/p>\n<p>Confira as vagas dispon\u00edveis:<\/p>\n<p>Artes C\u00eanicas<br \/>\nOferece vagas para os cursos de teatro juvenil (25), teatro adulto (25), aperfei\u00e7oamento (15) e cenografia (25).<\/p>\n<p>Educa\u00e7\u00e3o Musical<br \/>\nOferece vagas para Musicaliza\u00e7\u00e3o Infantil 1, para crian\u00e7as de 4 anos (24 vagas para o per\u00edodo da manh\u00e3 e 24 para o per\u00edodo da tarde); Musicaliza\u00e7\u00e3o Infantil 2, para crian\u00e7as de 5 anos (12 vagas para o per\u00edodo da manh\u00e3 e 12 vagas para o per\u00edodo da tarde); Inicia\u00e7\u00e3o Musical 1, para crian\u00e7as de 6 anos (15 vagas para o per\u00edodo da manh\u00e3 e 15 vagas para o per\u00edodo da tarde) e Musicografia Braille (6 vagas).<\/p>\n<p>Cordas Sinf\u00f4nicas e Luteria<br \/>\n(vagas para candidatos com e sem conhecimento musical)<br \/>\nSer\u00e3o oferecidas vagas para viola (5), violoncelo (11), contrabaixo ac\u00fastico (10) e luteria (10). Em sopros &#8211; madeiras, as vagas dispon\u00edveis s\u00e3o para flauta transversal (3), clarinete (5) e fagote (5). Em sopros &#8211; metais, as vagas s\u00e3o para trompa (14), trompete (1), trombone (4), euf\u00f4nio (2) e tuba (1). Em percuss\u00e3o sinf\u00f4nica, s\u00e3o 3 vagas. Para piano cl\u00e1ssico s\u00e3o 18 vagas e, para harpa, uma, somente para candidatos sem conhecimento. Para canto l\u00edrico s\u00e3o 2 vagas. Em performance hist\u00f3rica, h\u00e1 vagas para flauta doce (5 para candidatos sem conhecimento); cravo (3); violino\/viola barroca e cordas dedilhadas hist\u00f3ricas (1 para candidatos com conhecimento). Em viol\u00e3o cl\u00e1ssico s\u00e3o 10 vagas dispon\u00edveis.<\/p>\n<p>M\u00fasica Popular, Jazz e Choro<br \/>\nSer\u00e3o oferecidas vagas apenas para candidatos que j\u00e1 tenham conhecimento musical. Em MPB\/Jazz, h\u00e1 duas vagas para cada um dos cursos oferecidos: contrabaixo el\u00e9trico e ac\u00fastico, viol\u00e3o, guitarra, piano, canto, clarinete, saxofone, trompete, trombone, bateria e percuss\u00e3o. Para a \u00e1rea de choro, \u00e9 oferecida uma vaga para o curso de bandolim e uma para o de percuss\u00e3o.<\/p>\n<p>Fundamentos de Reg\u00eancias<br \/>\nSer\u00e3o 15 vagas para Banda Sinf\u00f4nica e 15 para Coral.<\/p>\n<p>Inscri\u00e7\u00f5es<br \/>\nO per\u00edodo de inscri\u00e7\u00f5es vai de 4 a 20 de janeiro, at\u00e9 as 18h00, no site www.conservatoriodetatui.org.br\/vagas. Para se inscrever \u00e9 necess\u00e1rio ler atentamente o regulamento e, em seguida, preencher a ficha de inscri\u00e7\u00e3o. Ao t\u00e9rmino do preenchimento, o sistema emitir\u00e1 um boleto banc\u00e1rio referente ao pagamento da taxa de inscri\u00e7\u00e3o, no valor de R$ 60,00. A inscri\u00e7\u00e3o somente ser\u00e1 validada ap\u00f3s a confirma\u00e7\u00e3o do pagamento de boleto banc\u00e1rio.<\/p>\n<p>O candidato somente poder\u00e1 se inscrever para um \u00fanico curso.<\/p>\n<p>SERVI\u00c7O:<br \/>\nInscri\u00e7\u00f5es para novos alunos &#8211; 1\u00ba semestre 2017<br \/>\nQuando: 4 a 20 de janeiro de 2017<br \/>\nTaxa de Inscri\u00e7\u00e3o: R$ 60,00<br \/>\nComo se inscrever:<br \/>\nInforma\u00e7\u00f5es: secretaria@conservatoriodetatui.org.br ou (15) 3205-8443\/8447\/8448 ou pessoalmente na secretaria escolar, localizada \u00e0 rua S\u00e3o Bento, 808, no hor\u00e1rio das 8h \u00e0s 12h e das 13h \u00e0s 17h, de 2\u00aa a 6\u00aa feira.<\/p>\n<p>Do Portal do Governo do Estado SP<\/p>\n","protected":false},"excerpt":{"rendered":"<p>Interessados por artes e m\u00fasicas podem se inscrever at\u00e9 dia 20 de janeiro no Conservat\u00f3rio de Tatu\u00ed. H\u00e1 vagas para crian\u00e7as a partir dos quatro anos de idade. A partir do pr\u00f3ximo ano, o processo seletivo para novos alunos trar\u00e1 novidades. Confira as vagas dispon\u00edveis: Artes C\u00eanicas Oferece vagas para os cursos de teatro juvenil [&hellip;]<\/p>\n","protected":false},"author":2,"featured_media":28951,"comment_status":"open","ping_status":"closed","sticky":false,"template":"","format":"standard","meta":{"tdm_status":"","tdm_grid_status":"","footnotes":""},"categories":[22,351,370],"tags":[],"class_list":{"0":"post-104088","1":"post","2":"type-post","3":"status-publish","4":"format-standard","5":"has-post-thumbnail","7":"category-brasil","8":"category-cursos","9":"category-inscricao"},"_links":{"self":[{"href":"https:\/\/migracao.redenoticia.com.br\/noticia\/wp-json\/wp\/v2\/posts\/104088","targetHints":{"allow":["GET"]}}],"collection":[{"href":"https:\/\/migracao.redenoticia.com.br\/noticia\/wp-json\/wp\/v2\/posts"}],"about":[{"href":"https:\/\/migracao.redenoticia.com.br\/noticia\/wp-json\/wp\/v2\/types\/post"}],"author":[{"embeddable":true,"href":"https:\/\/migracao.redenoticia.com.br\/noticia\/wp-json\/wp\/v2\/users\/2"}],"replies":[{"embeddable":true,"href":"https:\/\/migracao.redenoticia.com.br\/noticia\/wp-json\/wp\/v2\/comments?post=104088"}],"version-history":[{"count":0,"href":"https:\/\/migracao.redenoticia.com.br\/noticia\/wp-json\/wp\/v2\/posts\/104088\/revisions"}],"wp:featuredmedia":[{"embeddable":true,"href":"https:\/\/migracao.redenoticia.com.br\/noticia\/wp-json\/wp\/v2\/media\/28951"}],"wp:attachment":[{"href":"https:\/\/migracao.redenoticia.com.br\/noticia\/wp-json\/wp\/v2\/media?parent=104088"}],"wp:term":[{"taxonomy":"category","embeddable":true,"href":"https:\/\/migracao.redenoticia.com.br\/noticia\/wp-json\/wp\/v2\/categories?post=104088"},{"taxonomy":"post_tag","embeddable":true,"href":"https:\/\/migracao.redenoticia.com.br\/noticia\/wp-json\/wp\/v2\/tags?post=104088"}],"curies":[{"name":"wp","href":"https:\/\/api.w.org\/{rel}","templated":true}]}}