{"id":104099,"date":"2017-01-10T06:48:56","date_gmt":"2017-01-10T08:48:56","guid":{"rendered":"http:\/\/www.redenoticia.com.br\/noticia\/?p=104099"},"modified":"2017-01-09T20:49:58","modified_gmt":"2017-01-09T22:49:58","slug":"movimento-do-comercio-tem-maior-queda-em-16-anos-diz-serasa","status":"publish","type":"post","link":"https:\/\/migracao.redenoticia.com.br\/noticia\/2017\/movimento-do-comercio-tem-maior-queda-em-16-anos-diz-serasa\/104099","title":{"rendered":"Movimento do com\u00e9rcio tem maior queda em 16 anos, diz Serasa"},"content":{"rendered":"<p> O movimento dos consumidores nas lojas de todo o pa\u00eds caiu 6,6% no ano de 2016 em rela\u00e7\u00e3o ao ano de 2015, de acordo com o Indicador Serasa Experian de <strong><em>Atividade do Com\u00e9rcio<\/em><\/strong>. Este foi o pior resultado do varejo desde o in\u00edcio do levantamento, realizado h\u00e1 16 anos.<\/p>\n<p>O pior resultado tinha sido em 2002, por causa da crise do racionamento de energia el\u00e9trica, quando houve recuo de 4,9%. Os economistas da Serasa explicam que as dificuldades enfrentadas pelos consumidores, como juros altos nos credi\u00e1rios, desemprego em alta e baixa na confian\u00e7a, impactaram negativamente a atividade varejista.<\/p>\n<p>A maior retra\u00e7\u00e3o foi no segmento de ve\u00edculos, motos e pe\u00e7as, cuja queda foi de 13% frente ao mesmo per\u00edodo do ano passado. A segunda maior queda foi de 12,6%, observada nas lojas de tecidos, vestu\u00e1rio, cal\u00e7ados e acess\u00f3rios. Houve recuo de 11,1% nas lojas de m\u00f3veis, eletroeletr\u00f4nicos e equipamentos de inform\u00e1tica.<\/p>\n<p>Retra\u00e7\u00f5es menores ocorreram nas lojas de material de constru\u00e7\u00e3o (-5,4%) e nos supermercados, hipermercados, alimentos e bebidas (-7,0%). Somente o segmento de combust\u00edveis e lubrificantes se manteve no terreno positivo, com alta de 1,8%.<\/p>\n<p>Fernanda Cruz \u2013 Rep\u00f3rter da Ag\u00eancia Brasil<br \/>\nEdi\u00e7\u00e3o: Maria Claudia<br \/>\n10\/01\/2017<\/p>\n","protected":false},"excerpt":{"rendered":"<p>O movimento dos consumidores nas lojas de todo o pa\u00eds caiu 6,6% no ano de 2016 em rela\u00e7\u00e3o ao ano de 2015, de acordo com o Indicador Serasa Experian de Atividade do Com\u00e9rcio. Este foi o pior resultado do varejo desde o in\u00edcio do levantamento, realizado h\u00e1 16 anos. O pior resultado tinha sido em [&hellip;]<\/p>\n","protected":false},"author":2,"featured_media":57582,"comment_status":"open","ping_status":"closed","sticky":false,"template":"","format":"standard","meta":{"tdm_status":"","tdm_grid_status":"","footnotes":""},"categories":[22,7],"tags":[],"class_list":{"0":"post-104099","1":"post","2":"type-post","3":"status-publish","4":"format-standard","5":"has-post-thumbnail","7":"category-brasil","8":"category-economia"},"_links":{"self":[{"href":"https:\/\/migracao.redenoticia.com.br\/noticia\/wp-json\/wp\/v2\/posts\/104099","targetHints":{"allow":["GET"]}}],"collection":[{"href":"https:\/\/migracao.redenoticia.com.br\/noticia\/wp-json\/wp\/v2\/posts"}],"about":[{"href":"https:\/\/migracao.redenoticia.com.br\/noticia\/wp-json\/wp\/v2\/types\/post"}],"author":[{"embeddable":true,"href":"https:\/\/migracao.redenoticia.com.br\/noticia\/wp-json\/wp\/v2\/users\/2"}],"replies":[{"embeddable":true,"href":"https:\/\/migracao.redenoticia.com.br\/noticia\/wp-json\/wp\/v2\/comments?post=104099"}],"version-history":[{"count":0,"href":"https:\/\/migracao.redenoticia.com.br\/noticia\/wp-json\/wp\/v2\/posts\/104099\/revisions"}],"wp:featuredmedia":[{"embeddable":true,"href":"https:\/\/migracao.redenoticia.com.br\/noticia\/wp-json\/wp\/v2\/media\/57582"}],"wp:attachment":[{"href":"https:\/\/migracao.redenoticia.com.br\/noticia\/wp-json\/wp\/v2\/media?parent=104099"}],"wp:term":[{"taxonomy":"category","embeddable":true,"href":"https:\/\/migracao.redenoticia.com.br\/noticia\/wp-json\/wp\/v2\/categories?post=104099"},{"taxonomy":"post_tag","embeddable":true,"href":"https:\/\/migracao.redenoticia.com.br\/noticia\/wp-json\/wp\/v2\/tags?post=104099"}],"curies":[{"name":"wp","href":"https:\/\/api.w.org\/{rel}","templated":true}]}}