{"id":104135,"date":"2017-01-11T19:33:27","date_gmt":"2017-01-11T21:33:27","guid":{"rendered":"http:\/\/www.redenoticia.com.br\/noticia\/?p=104135"},"modified":"2017-01-10T13:05:40","modified_gmt":"2017-01-10T15:05:40","slug":"novela-a-escrava-isaura-resumo-1201-miguel-quer-fugir-com-isaura","status":"publish","type":"post","link":"https:\/\/migracao.redenoticia.com.br\/noticia\/2017\/novela-a-escrava-isaura-resumo-1201-miguel-quer-fugir-com-isaura\/104135","title":{"rendered":"Novela \u201cA Escrava Isaura\u201d resumo 12\/01: Miguel quer fugir com Isaura"},"content":{"rendered":"<p> <img loading=\"lazy\" decoding=\"async\" class=\"alignleft size-thumbnail wp-image-103446\" src=\"https:\/\/migracao.redenoticia.com.br\/noticia\/imagens\/a_escrava_isaura_record_novela_resumo-150x112.jpg\" alt=\"\" width=\"150\" height=\"112\" srcset=\"https:\/\/migracao.redenoticia.com.br\/noticia\/imagens\/a_escrava_isaura_record_novela_resumo-150x112.jpg 150w, https:\/\/migracao.redenoticia.com.br\/noticia\/imagens\/a_escrava_isaura_record_novela_resumo-265x198.jpg 265w\" sizes=\"auto, (max-width: 150px) 100vw, 150px\" \/><strong><em>Novela \u201cA Escrava Isaura\u201d resumo 12\/01<\/em><\/strong>: Gertrudes conversa com Almeida sobre Isaura. Le\u00f4ncio pede para Isaura n\u00e3o ser vendida. Miguel volta \u00e0 fazenda e encontra sua filha. Le\u00f4ncio e Malvina saem em lua-de-mel. Comendador Almeida aumenta o pre\u00e7o de Isaura e Miguel fica arrasado. Miguel quer fugir com Isaura. Isaura prefere que o pai tente compr\u00e1-la.  <\/p>\n<p>No capitulo 004 (*), novela \u201cA Escrava Isaura\u201d, quinta-feira, 12 de janeiro &#8211; Isaura desmente Rosa. Le\u00f4ncio for\u00e7a Malvina a ir para cama com ele. Gertrudes conversa com Almeida sobre Isaura. Le\u00f4ncio pede para Isaura n\u00e3o ser vendida. O Conde convida Tom\u00e1sia para ir a sua fazenda. Miguel volta \u00e0 fazenda e encontra sua filha. Le\u00f4ncio e Malvina saem em lua-de-mel. <\/p>\n<p>Comendador Almeida aumenta o pre\u00e7o de Isaura e Miguel fica arrasado. O Conde pede a m\u00e3o de Tom\u00e1sia em casamento e ela aceita. Henrique v\u00ea Gabriel com Helena e parte para briga. Miguel quer fugir com Isaura. Isaura prefere que o pai tente compr\u00e1-la. Henrique carrega Gabriel desmaiado sobre os ombros. Andr\u00e9 \u00e9 solto. Helena se encontra com Gabriel e diz que seu pai \u00e9 contra o namoro deles. <\/p>\n<p>Coronel Sebasti\u00e3o atira na dire\u00e7\u00e3o de Gabriel quando o v\u00ea junto a sua filha. Helena fica de castigo e Gabriel leva um tiro. Gioconda amea\u00e7a o Coronel Sebasti\u00e3o. Tom\u00e1sia se casa com o Conde. Le\u00f4ncio e Malvina voltam de viagem.<\/p>\n<p>(*) edi\u00e7\u00e3o da Rede Record, Novela \u201cA Escrava Isaura\u201d, sujeito a altera\u00e7\u00e3o de data e conte\u00fado.<\/p>\n","protected":false},"excerpt":{"rendered":"<p>Novela \u201cA Escrava Isaura\u201d resumo 12\/01: Gertrudes conversa com Almeida sobre Isaura. Le\u00f4ncio pede para Isaura n\u00e3o ser vendida. Miguel volta \u00e0 fazenda e encontra sua filha. Le\u00f4ncio e Malvina saem em lua-de-mel. Comendador Almeida aumenta o pre\u00e7o de Isaura e Miguel fica arrasado. Miguel quer fugir com Isaura. Isaura prefere que o pai tente [&hellip;]<\/p>\n","protected":false},"author":2,"featured_media":103446,"comment_status":"open","ping_status":"closed","sticky":false,"template":"","format":"standard","meta":{"tdm_status":"","tdm_grid_status":"","footnotes":""},"categories":[379,371,343],"tags":[441],"class_list":{"0":"post-104135","1":"post","2":"type-post","3":"status-publish","4":"format-standard","5":"has-post-thumbnail","7":"category-novelas","8":"category-rede-record","9":"category-televisao","10":"tag-resumo-do-dia"},"_links":{"self":[{"href":"https:\/\/migracao.redenoticia.com.br\/noticia\/wp-json\/wp\/v2\/posts\/104135","targetHints":{"allow":["GET"]}}],"collection":[{"href":"https:\/\/migracao.redenoticia.com.br\/noticia\/wp-json\/wp\/v2\/posts"}],"about":[{"href":"https:\/\/migracao.redenoticia.com.br\/noticia\/wp-json\/wp\/v2\/types\/post"}],"author":[{"embeddable":true,"href":"https:\/\/migracao.redenoticia.com.br\/noticia\/wp-json\/wp\/v2\/users\/2"}],"replies":[{"embeddable":true,"href":"https:\/\/migracao.redenoticia.com.br\/noticia\/wp-json\/wp\/v2\/comments?post=104135"}],"version-history":[{"count":0,"href":"https:\/\/migracao.redenoticia.com.br\/noticia\/wp-json\/wp\/v2\/posts\/104135\/revisions"}],"wp:featuredmedia":[{"embeddable":true,"href":"https:\/\/migracao.redenoticia.com.br\/noticia\/wp-json\/wp\/v2\/media\/103446"}],"wp:attachment":[{"href":"https:\/\/migracao.redenoticia.com.br\/noticia\/wp-json\/wp\/v2\/media?parent=104135"}],"wp:term":[{"taxonomy":"category","embeddable":true,"href":"https:\/\/migracao.redenoticia.com.br\/noticia\/wp-json\/wp\/v2\/categories?post=104135"},{"taxonomy":"post_tag","embeddable":true,"href":"https:\/\/migracao.redenoticia.com.br\/noticia\/wp-json\/wp\/v2\/tags?post=104135"}],"curies":[{"name":"wp","href":"https:\/\/api.w.org\/{rel}","templated":true}]}}