{"id":104137,"date":"2017-01-11T20:35:51","date_gmt":"2017-01-11T22:35:51","guid":{"rendered":"http:\/\/www.redenoticia.com.br\/noticia\/?p=104137"},"modified":"2017-01-11T21:50:43","modified_gmt":"2017-01-11T23:50:43","slug":"novela-a-terra-prometida-resumo-1201-bogotai-reconhece-fineias","status":"publish","type":"post","link":"https:\/\/migracao.redenoticia.com.br\/noticia\/2017\/novela-a-terra-prometida-resumo-1201-bogotai-reconhece-fineias\/104137","title":{"rendered":"Novela \u201cA Terra Prometida\u201d resumo 12\/01: Bogotai reconhece Fin\u00e9ias"},"content":{"rendered":"<p> <img loading=\"lazy\" decoding=\"async\" class=\"alignleft size-thumbnail wp-image-89446\" src=\"https:\/\/migracao.redenoticia.com.br\/noticia\/imagens\/a-terra-prometida-novela-record-resumo-150x112.jpg\" alt=\"a-terra-prometida-novela-record-resumo\" width=\"150\" height=\"112\" srcset=\"https:\/\/migracao.redenoticia.com.br\/noticia\/imagens\/a-terra-prometida-novela-record-resumo-150x112.jpg 150w, https:\/\/migracao.redenoticia.com.br\/noticia\/imagens\/a-terra-prometida-novela-record-resumo-265x198.jpg 265w\" sizes=\"auto, (max-width: 150px) 100vw, 150px\" \/><strong><em>Novela \u201cA Terra Prometida\u201d resumo 12\/01<\/em><\/strong>: Lila avisa sobre a presen\u00e7a de um grupo de pessoas estranhas se aproximando do acampamento. Josu\u00e9 e os guerreiros encontram o grupo de Zareg. O rei mente e diz que s\u00e3o de um lugar distante, que vieram para se juntar aos hebreus. Josu\u00e9 recebe o grupo de Zareg no acampamento. Tirda avisa que Josu\u00e9 est\u00e1 chamando para uma reuni\u00e3o. Os hebreus permitem que os forasteiros fiquem na tribo Naftali. Bogotai reconhece Fin\u00e9ias e o olha com maldade.<\/p>\n<p>No capitulo 137 (*), novela \u201cA Terra Prometida\u201d, quinta-feira, 12 de janeiro &#8211; Bogotai recebe as roupas velhas e pede alimentos estragados. Otniel e Acsa quase se beijam, mas s\u00e3o interrompidos por Iru. El\u00f3i avisa Calebe sobre o ataque no celeiro. Com os alimentos estragados e as roupas velhas, Zareg e os nobres deixam Jerusal\u00e9m rumo ao acampamento hebreu. Na caverna dos leprosos, Milah se espanta ao ver o mesmo moribundo que a atacou. Zareg, Racal, Bogotai e o restante da comitiva se vestem como hebreus e seguem em dire\u00e7\u00e3o \u00e0 Gilgal. Calebe chega e tenta impedir que La\u00eds fa\u00e7a alguma besteira. Iru aproveita o momento oportuno e consegue desarm\u00e1-la. Aruna oferece amparo \u00e0 la\u00eds. Orebe, o leproso que atacou Milah, diz que algu\u00e9m o pagou para passar a doen\u00e7a para a fam\u00edlia de Raabe. Noemi diz que perdoa La\u00eds. Eleazar oferece ajuda \u00e0 mo\u00e7a. Orias diz que avisar\u00e1 Raabe para ter cuidado. Raabe tenta consolar Nob\u00e1. \u00darsula diz n\u00e3o confiar em Zareg. Adonizedeque diz que pedir\u00e1 os conselhos de suas prisioneiras. A princesa implora para o pai deix\u00e1-la ver a m\u00e3e e a av\u00f3, mas o rei se recusa a atend\u00ea-la e a menina chora. Ula agradece pelo carinho e aten\u00e7\u00e3o de Mireu. Mara vai at\u00e9 a tenda de Ion\u00e1 e se desentende com El\u00f3i. Lina diz que tentar\u00e1 ajudar Mireu a conquistar Ula. Ela tamb\u00e9m diz que Bogotai pagou caro por roupas velhas. Ion\u00e1 concorda com a reclama\u00e7\u00e3o de El\u00f3i sobre Mara. Noemi agradece a Deus por estar com sua fam\u00edlia. Tobias e Zaqueu se desentendem e Salmon chama aten\u00e7\u00e3o dos guerreiros. Maquir se incomoda com a presen\u00e7a de Runa no treinamento. L\u00e9ia escuta Samara conversar com Tobias e descobre que o filho tamb\u00e9m se envolveu na morte de Abel. Salmon permite que Rune volte a treinar com sua cela especial para montaria. Samra e Tobias dizem que s\u00e3o o reflexo de L\u00e9ia. Elidade e Laila se enchem de felicidade com a fam\u00edlia. Aruna se comporta de maneira s\u00e9ria e formal. Josu\u00e9 estranha o comportamento dela. Enciumada, L\u00e9ia reclama da demora de Quemuel. <\/p>\n<p>Yana passa alguns ensinamentos para Aruna. Raabe cuida dos irm\u00e3os. Lila chega e avisa sobre a presen\u00e7a de um grupo de pessoas estranhas se aproximando do acampamento. Ula se abre com Lina e diz que n\u00e3o pensa em novo marido. Josu\u00e9 e os guerreiros encontram o grupo de Zareg. O rei mente e diz que s\u00e3o de um lugar distante, que vieram para se juntar aos hebreus. Maquir pede perd\u00e3o \u00e0 Livana. Josu\u00e9 recebe o grupo de Zareg no acampamento. Haniel tenta animar Maquir. Tirda avisa que Josu\u00e9 est\u00e1 chamando para uma reuni\u00e3o. Os hebreus permitem que os forasteiros fiquem na tribo Naftali. Orias encontra com Raabe e diz que alguma mulher est\u00e1 tentando fazer mal a ela. Bogotai reconhece Fin\u00e9ias e o olha com maldade. Maquir se incomoda com a presen\u00e7a de Runa no treinamento. L\u00e9ia escuta Samara conversar com Tobias e descobre que o filho tamb\u00e9m se envolveu na morte de Abel. Salmon permite que Rune volte a treinar com sua cela especial para montaria. Samara e Tobias dizem que s\u00e3o o reflexo de L\u00e9ia. Elidade e Laila se enchem de felicidade com a fam\u00edlia. Aruna se comporta de maneira s\u00e9ria e formal. <\/p>\n<p>Josu\u00e9 estranha o comportamento dela. Enciumada, L\u00e9ia reclama da demora de Quemuel. Yana passa alguns ensinamentos para Aruna. Raabe cuida dos irm\u00e3os. Lila chega e avisa sobre a presen\u00e7a de um grupo de pessoas estranhas se aproximando do acampamento. Ula se abre com Lina e diz que n\u00e3o pensa em novo marido. Josu\u00e9 e os guerreiros encontram o grupo de Zareg. O rei mente e diz que s\u00e3o de um lugar distante, que vieram para se juntar aos hebreus. Maquir pede perd\u00e3o \u00e0 Livana. Josu\u00e9 recebe o grupo de Zareg no acampamento. Haniel tenta animar Maquir. Tirda avisa que Josu\u00e9 est\u00e1 chamando para uma reuni\u00e3o. Os hebreus permitem que os forasteiros fiquem na tribo Naftali. Orias encontra com Raabe e diz que alguma mulher est\u00e1 tentando fazer mal a ela. Bogotai reconhece Fin\u00e9ias e o olha com maldade.<\/p>\n<p>(*) edi\u00e7\u00e3o da Rede Record, Novela \u201cA Terra Prometida\u201d, sujeito a altera\u00e7\u00e3o de data e conte\u00fado.<\/p>\n","protected":false},"excerpt":{"rendered":"<p>Novela \u201cA Terra Prometida\u201d resumo 12\/01: Lila avisa sobre a presen\u00e7a de um grupo de pessoas estranhas se aproximando do acampamento. Josu\u00e9 e os guerreiros encontram o grupo de Zareg. O rei mente e diz que s\u00e3o de um lugar distante, que vieram para se juntar aos hebreus. Josu\u00e9 recebe o grupo de Zareg no [&hellip;]<\/p>\n","protected":false},"author":2,"featured_media":89446,"comment_status":"open","ping_status":"closed","sticky":false,"template":"","format":"standard","meta":{"tdm_status":"","tdm_grid_status":"","footnotes":""},"categories":[446,379,371,343],"tags":[441],"class_list":{"0":"post-104137","1":"post","2":"type-post","3":"status-publish","4":"format-standard","5":"has-post-thumbnail","7":"category-a-terra-prometida","8":"category-novelas","9":"category-rede-record","10":"category-televisao","11":"tag-resumo-do-dia"},"_links":{"self":[{"href":"https:\/\/migracao.redenoticia.com.br\/noticia\/wp-json\/wp\/v2\/posts\/104137","targetHints":{"allow":["GET"]}}],"collection":[{"href":"https:\/\/migracao.redenoticia.com.br\/noticia\/wp-json\/wp\/v2\/posts"}],"about":[{"href":"https:\/\/migracao.redenoticia.com.br\/noticia\/wp-json\/wp\/v2\/types\/post"}],"author":[{"embeddable":true,"href":"https:\/\/migracao.redenoticia.com.br\/noticia\/wp-json\/wp\/v2\/users\/2"}],"replies":[{"embeddable":true,"href":"https:\/\/migracao.redenoticia.com.br\/noticia\/wp-json\/wp\/v2\/comments?post=104137"}],"version-history":[{"count":0,"href":"https:\/\/migracao.redenoticia.com.br\/noticia\/wp-json\/wp\/v2\/posts\/104137\/revisions"}],"wp:featuredmedia":[{"embeddable":true,"href":"https:\/\/migracao.redenoticia.com.br\/noticia\/wp-json\/wp\/v2\/media\/89446"}],"wp:attachment":[{"href":"https:\/\/migracao.redenoticia.com.br\/noticia\/wp-json\/wp\/v2\/media?parent=104137"}],"wp:term":[{"taxonomy":"category","embeddable":true,"href":"https:\/\/migracao.redenoticia.com.br\/noticia\/wp-json\/wp\/v2\/categories?post=104137"},{"taxonomy":"post_tag","embeddable":true,"href":"https:\/\/migracao.redenoticia.com.br\/noticia\/wp-json\/wp\/v2\/tags?post=104137"}],"curies":[{"name":"wp","href":"https:\/\/api.w.org\/{rel}","templated":true}]}}