{"id":104150,"date":"2017-01-11T06:18:07","date_gmt":"2017-01-11T08:18:07","guid":{"rendered":"http:\/\/www.redenoticia.com.br\/noticia\/?p=104150"},"modified":"2017-01-10T13:18:56","modified_gmt":"2017-01-10T15:18:56","slug":"investimentos-voltam-a-cair-em-novembro-diz-ipea","status":"publish","type":"post","link":"https:\/\/migracao.redenoticia.com.br\/noticia\/2017\/investimentos-voltam-a-cair-em-novembro-diz-ipea\/104150","title":{"rendered":"Investimentos voltam a cair em novembro, diz Ipea"},"content":{"rendered":"<p> O <strong><em>Indicador de Forma\u00e7\u00e3o Bruta de Capital Fixo<\/em><\/strong>, divulgado pelo Instituto de Pesquisa Econ\u00f4mica Aplicada (Ipea), caiu 1,1% em novembro de 2016 na compara\u00e7\u00e3o com outubro. Em rela\u00e7\u00e3o a novembro de 2015 a queda foi maior: 11,4%. Os n\u00fameros cont\u00eam ajuste sazonal, ou seja, j\u00e1 levam em conta as especificidades e a conjuntura do per\u00edodo de medi\u00e7\u00e3o.<\/p>\n<p>O indicador considera os investimentos em constru\u00e7\u00e3o civil e em m\u00e1quinas e equipamentos. O Ipea destacou que, apesar do recuo em novembro, \u00e9 a menor queda mensal desde julho.<\/p>\n<p>Os dois componentes do \u00edndice comportaram-se de forma diferente em novembro. O consumo aparente de m\u00e1quinas e equipamentos recuou 4,3%, enquanto o indicador da constru\u00e7\u00e3o civil cresceu 1,8% sobre outubro, interrompendo sequ\u00eancia de tr\u00eas quedas.<\/p>\n<p>Produ\u00e7\u00e3o de bens de capital tem alta de 3,6%<\/p>\n<p>O Ipea informou que, dentro do consumo de m\u00e1quinas e equipamentos, houve alta de 3,6% na produ\u00e7\u00e3o de bens de capital na compara\u00e7\u00e3o com outubro. No entanto, a alta na produ\u00e7\u00e3o foi anulada pela eleva\u00e7\u00e3o das exporta\u00e7\u00f5es desse tipo de bem. A alta nas vendas externas foi puxada, principalmente, pela exporta\u00e7\u00e3o de uma plataforma de petr\u00f3leo no per\u00edodo.<\/p>\n<p>O indicador da compra de m\u00e1quinas e equipamentos ajuda a medir as compras de meios de produ\u00e7\u00e3o pela ind\u00fastria e, consequentemente, sua inten\u00e7\u00e3o de produzir. O \u00edndice corresponde \u00e0 produ\u00e7\u00e3o industrial dom\u00e9stica somada das exporta\u00e7\u00f5es e diminu\u00edda das exporta\u00e7\u00f5es do setor.<\/p>\n<p>Mariana Branco &#8211; Rep\u00f3rter da Ag\u00eancia Brasil<br \/>\nEdi\u00e7\u00e3o: Kleber Sampaio<br \/>\n11\/01\/2017<\/p>\n","protected":false},"excerpt":{"rendered":"<p>O Indicador de Forma\u00e7\u00e3o Bruta de Capital Fixo, divulgado pelo Instituto de Pesquisa Econ\u00f4mica Aplicada (Ipea), caiu 1,1% em novembro de 2016 na compara\u00e7\u00e3o com outubro. Em rela\u00e7\u00e3o a novembro de 2015 a queda foi maior: 11,4%. Os n\u00fameros cont\u00eam ajuste sazonal, ou seja, j\u00e1 levam em conta as especificidades e a conjuntura do per\u00edodo [&hellip;]<\/p>\n","protected":false},"author":2,"featured_media":38938,"comment_status":"open","ping_status":"closed","sticky":false,"template":"","format":"standard","meta":{"tdm_status":"","tdm_grid_status":"","footnotes":""},"categories":[22,7],"tags":[],"class_list":{"0":"post-104150","1":"post","2":"type-post","3":"status-publish","4":"format-standard","5":"has-post-thumbnail","7":"category-brasil","8":"category-economia"},"_links":{"self":[{"href":"https:\/\/migracao.redenoticia.com.br\/noticia\/wp-json\/wp\/v2\/posts\/104150","targetHints":{"allow":["GET"]}}],"collection":[{"href":"https:\/\/migracao.redenoticia.com.br\/noticia\/wp-json\/wp\/v2\/posts"}],"about":[{"href":"https:\/\/migracao.redenoticia.com.br\/noticia\/wp-json\/wp\/v2\/types\/post"}],"author":[{"embeddable":true,"href":"https:\/\/migracao.redenoticia.com.br\/noticia\/wp-json\/wp\/v2\/users\/2"}],"replies":[{"embeddable":true,"href":"https:\/\/migracao.redenoticia.com.br\/noticia\/wp-json\/wp\/v2\/comments?post=104150"}],"version-history":[{"count":0,"href":"https:\/\/migracao.redenoticia.com.br\/noticia\/wp-json\/wp\/v2\/posts\/104150\/revisions"}],"wp:featuredmedia":[{"embeddable":true,"href":"https:\/\/migracao.redenoticia.com.br\/noticia\/wp-json\/wp\/v2\/media\/38938"}],"wp:attachment":[{"href":"https:\/\/migracao.redenoticia.com.br\/noticia\/wp-json\/wp\/v2\/media?parent=104150"}],"wp:term":[{"taxonomy":"category","embeddable":true,"href":"https:\/\/migracao.redenoticia.com.br\/noticia\/wp-json\/wp\/v2\/categories?post=104150"},{"taxonomy":"post_tag","embeddable":true,"href":"https:\/\/migracao.redenoticia.com.br\/noticia\/wp-json\/wp\/v2\/tags?post=104150"}],"curies":[{"name":"wp","href":"https:\/\/api.w.org\/{rel}","templated":true}]}}