{"id":104172,"date":"2017-01-10T22:25:50","date_gmt":"2017-01-11T00:25:50","guid":{"rendered":"http:\/\/www.redenoticia.com.br\/noticia\/?p=104172"},"modified":"2017-01-10T20:26:36","modified_gmt":"2017-01-10T22:26:36","slug":"novela-dois-irmaos-resumo-1101-halim-torce-para-que-os-gemeos-se-entendam","status":"publish","type":"post","link":"https:\/\/migracao.redenoticia.com.br\/noticia\/2017\/novela-dois-irmaos-resumo-1101-halim-torce-para-que-os-gemeos-se-entendam\/104172","title":{"rendered":"Novela \u201cDois Irm\u00e3os\u201d resumo 11\/01: Halim torce para que os g\u00eameos se entendam"},"content":{"rendered":"<p> <img loading=\"lazy\" decoding=\"async\" class=\"alignleft size-thumbnail wp-image-103951\" src=\"https:\/\/migracao.redenoticia.com.br\/noticia\/imagens\/dois-irmaos-resumo-150x112.jpg\" alt=\"\" width=\"150\" height=\"112\" srcset=\"https:\/\/migracao.redenoticia.com.br\/noticia\/imagens\/dois-irmaos-resumo-150x112.jpg 150w, https:\/\/migracao.redenoticia.com.br\/noticia\/imagens\/dois-irmaos-resumo-265x198.jpg 265w\" sizes=\"auto, (max-width: 150px) 100vw, 150px\" \/><strong><em>Novela \u201cDois Irm\u00e3os\u201d resumo 11\/01<\/em><\/strong>: Yakub volta para casa, abra\u00e7a Domingas ao chegar do aeroporto e Zana se incomoda. R\u00e2nia cumprimenta o irm\u00e3o e acha gra\u00e7a de seu sotaque. Zana tenta descobrir o que aconteceu com o filho no L\u00edbano, e mostra a ele o quarto que preparou para receb\u00ea-lo. Durante o jantar de comemora\u00e7\u00e3o pela volta de Yakub, Omar aparece e todos ficam tensos. Os g\u00eameos apertam as m\u00e3os rapidamente. Halim fala de sua torcida para que os filhos entendam-se depois da dist\u00e2ncia for\u00e7ada.<\/p>\n<p>No cap\u00edtulo 003(*), novela \u201cDois Irm\u00e3os\u201d, quarta-feira, 11 de janeiro \u2013 durante o jantar de comemora\u00e7\u00e3o pela volta de Yakub, os g\u00eameos apertam as m\u00e3os rapidamente. Halim fala de sua torcida para o entendimento dos filhos depois da dist\u00e2ncia for\u00e7ada. De volta ao passado, Zana ajuda Yakub a se arrumar para ir a escola. <\/p>\n<p>Os g\u00eameos veem R\u00e2nia conversar com um rapaz na rua. Yakub volta a sofrer com insultos no col\u00e9gio. Omar destrata seu professor na sala. Os g\u00eameos voltam juntos para casa. Omar fala para Zana que viu R\u00e2nia com um rapaz na rua. Yakub se isola em seu quarto e desiste de passear com a fam\u00edlia. <\/p>\n<p>Omar vence uma competi\u00e7\u00e3o de remo. Yakub estuda em seu quarto. Yakub vasculha o quarto de Omar. Domingas fica nervosa com a presen\u00e7a de Omar. Zana destrata o namorado de R\u00e2nia e o expulsa de sua casa. Domingas anuncia que est\u00e1 gr\u00e1vida.<\/p>\n<p>(*) edi\u00e7\u00e3o da Rede Globo, Novela \u201cDois Irm\u00e3os\u201d, sujeito a altera\u00e7\u00e3o de data e conte\u00fado. <\/p>\n","protected":false},"excerpt":{"rendered":"<p>Novela \u201cDois Irm\u00e3os\u201d resumo 11\/01: Yakub volta para casa, abra\u00e7a Domingas ao chegar do aeroporto e Zana se incomoda. R\u00e2nia cumprimenta o irm\u00e3o e acha gra\u00e7a de seu sotaque. Zana tenta descobrir o que aconteceu com o filho no L\u00edbano, e mostra a ele o quarto que preparou para receb\u00ea-lo. Durante o jantar de comemora\u00e7\u00e3o [&hellip;]<\/p>\n","protected":false},"author":2,"featured_media":103951,"comment_status":"open","ping_status":"closed","sticky":false,"template":"","format":"standard","meta":{"tdm_status":"","tdm_grid_status":"","footnotes":""},"categories":[379,375,343],"tags":[441],"class_list":{"0":"post-104172","1":"post","2":"type-post","3":"status-publish","4":"format-standard","5":"has-post-thumbnail","7":"category-novelas","8":"category-rede-globo","9":"category-televisao","10":"tag-resumo-do-dia"},"_links":{"self":[{"href":"https:\/\/migracao.redenoticia.com.br\/noticia\/wp-json\/wp\/v2\/posts\/104172","targetHints":{"allow":["GET"]}}],"collection":[{"href":"https:\/\/migracao.redenoticia.com.br\/noticia\/wp-json\/wp\/v2\/posts"}],"about":[{"href":"https:\/\/migracao.redenoticia.com.br\/noticia\/wp-json\/wp\/v2\/types\/post"}],"author":[{"embeddable":true,"href":"https:\/\/migracao.redenoticia.com.br\/noticia\/wp-json\/wp\/v2\/users\/2"}],"replies":[{"embeddable":true,"href":"https:\/\/migracao.redenoticia.com.br\/noticia\/wp-json\/wp\/v2\/comments?post=104172"}],"version-history":[{"count":0,"href":"https:\/\/migracao.redenoticia.com.br\/noticia\/wp-json\/wp\/v2\/posts\/104172\/revisions"}],"wp:featuredmedia":[{"embeddable":true,"href":"https:\/\/migracao.redenoticia.com.br\/noticia\/wp-json\/wp\/v2\/media\/103951"}],"wp:attachment":[{"href":"https:\/\/migracao.redenoticia.com.br\/noticia\/wp-json\/wp\/v2\/media?parent=104172"}],"wp:term":[{"taxonomy":"category","embeddable":true,"href":"https:\/\/migracao.redenoticia.com.br\/noticia\/wp-json\/wp\/v2\/categories?post=104172"},{"taxonomy":"post_tag","embeddable":true,"href":"https:\/\/migracao.redenoticia.com.br\/noticia\/wp-json\/wp\/v2\/tags?post=104172"}],"curies":[{"name":"wp","href":"https:\/\/api.w.org\/{rel}","templated":true}]}}