{"id":104223,"date":"2017-01-11T18:05:08","date_gmt":"2017-01-11T20:05:08","guid":{"rendered":"http:\/\/www.redenoticia.com.br\/noticia\/?p=104223"},"modified":"2017-01-11T18:28:42","modified_gmt":"2017-01-11T20:28:42","slug":"novela-malhacao-resumo-1201-joana-interpela-belloto-e-alisson","status":"publish","type":"post","link":"https:\/\/migracao.redenoticia.com.br\/noticia\/2017\/novela-malhacao-resumo-1201-joana-interpela-belloto-e-alisson\/104223","title":{"rendered":"Novela \u201cMalha\u00e7\u00e3o\u201d resumo 12\/01: Alisson agride Belloto"},"content":{"rendered":"<p><img loading=\"lazy\" decoding=\"async\" class=\"alignleft size-thumbnail wp-image-91715\" src=\"https:\/\/migracao.redenoticia.com.br\/noticia\/imagens\/malhacao_pro_dia_nascer_feliz_resumo_novela-150x112.jpg\" alt=\"malhacao_pro_dia_nascer_feliz_resumo_novela\" width=\"150\" height=\"112\" srcset=\"https:\/\/migracao.redenoticia.com.br\/noticia\/imagens\/malhacao_pro_dia_nascer_feliz_resumo_novela-150x112.jpg 150w, https:\/\/migracao.redenoticia.com.br\/noticia\/imagens\/malhacao_pro_dia_nascer_feliz_resumo_novela-265x198.jpg 265w\" sizes=\"auto, (max-width: 150px) 100vw, 150px\" \/><strong><em>Novela \u201cMalha\u00e7\u00e3o\u201d resumo 12\/01<\/em><\/strong>:\u00a0Ricardo tenta aproximar-se de Joana e, para mostrar que confia na filha, decide deixar a academia sob os cuidados da garota enquanto estiver fora, j\u00e1 que B\u00e1rbara vai viajar com Gabriele e Giovane. Joana fica surpresa com o an\u00fancio e agradece a oportunidade dada pelo pai. Joana\u00a0aproveita para tirar onda com a cara de B\u00e1rbara e, ao sair da sala do empres\u00e1rio, procura a rival para contar a novidade. T\u00e2nia lamenta n\u00e3o poder ajudar Joana e tenta adiar a viagem. Mas depois fica tranquila com o apoio de J\u00e9ssica, Belloto, Nanda e Jorj\u00e3o v\u00e3o dar a Joana. Esta j\u00e1 enfrenta seu primeiro problema quando Belloto reclama de Alisson para ela. Joana procura Alisson e este a enfrenta. Mais tarde, Alisson agride Belloto e Joana interpela os dois.<\/p>\n<p>No cap\u00edtulo 104 (*), novela \u201cMalha\u00e7\u00e3o\u201d, quinta-feira, 12 de janeiro \u2013 Mauro orienta Stella a procurar Joana para o que precisar. Joana se apresenta para L\u00e9o. Arthur espalha para o col\u00e9gio que Martinha est\u00e1 gr\u00e1vida.<\/p>\n<p>T\u00e2nia fica tranquila com o apoio de J\u00e9ssica, Belloto, Nanda e Jorj\u00e3o a Joana. Martinha \u00e9 expulsa de casa. F\u00e1bio implica com Luiza. Martinha afirma que seu filho n\u00e3o ter\u00e1 pai.<\/p>\n<p>J\u00fanior convida L\u00e9o para jogar v\u00f4lei. Belloto reclama de Alisson para Joana. L\u00e9o tenta falar com Stella. Alisson enfrenta Joana. Stella v\u00ea J\u00fanior ajudar L\u00e9o a jogar v\u00f4lei e afirma que ir\u00e1 tir\u00e1-lo a academia. Alisson agride Belloto e Joana interpela os dois.<\/p>\n<p>(*) edi\u00e7\u00e3o da Rede Globo, Novela \u201cMalha\u00e7\u00e3o\u201d, sujeito a altera\u00e7\u00e3o de data e conte\u00fado.<\/p>\n","protected":false},"excerpt":{"rendered":"<p>Novela \u201cMalha\u00e7\u00e3o\u201d resumo 12\/01:\u00a0Ricardo tenta aproximar-se de Joana e, para mostrar que confia na filha, decide deixar a academia sob os cuidados da garota enquanto estiver fora, j\u00e1 que B\u00e1rbara vai viajar com Gabriele e Giovane. Joana fica surpresa com o an\u00fancio e agradece a oportunidade dada pelo pai. Joana\u00a0aproveita para tirar onda com a [&hellip;]<\/p>\n","protected":false},"author":4,"featured_media":91715,"comment_status":"open","ping_status":"closed","sticky":false,"template":"","format":"standard","meta":{"tdm_status":"","tdm_grid_status":"","footnotes":""},"categories":[447,379,375,343],"tags":[441],"class_list":{"0":"post-104223","1":"post","2":"type-post","3":"status-publish","4":"format-standard","5":"has-post-thumbnail","7":"category-malhacao","8":"category-novelas","9":"category-rede-globo","10":"category-televisao","11":"tag-resumo-do-dia"},"_links":{"self":[{"href":"https:\/\/migracao.redenoticia.com.br\/noticia\/wp-json\/wp\/v2\/posts\/104223","targetHints":{"allow":["GET"]}}],"collection":[{"href":"https:\/\/migracao.redenoticia.com.br\/noticia\/wp-json\/wp\/v2\/posts"}],"about":[{"href":"https:\/\/migracao.redenoticia.com.br\/noticia\/wp-json\/wp\/v2\/types\/post"}],"author":[{"embeddable":true,"href":"https:\/\/migracao.redenoticia.com.br\/noticia\/wp-json\/wp\/v2\/users\/4"}],"replies":[{"embeddable":true,"href":"https:\/\/migracao.redenoticia.com.br\/noticia\/wp-json\/wp\/v2\/comments?post=104223"}],"version-history":[{"count":0,"href":"https:\/\/migracao.redenoticia.com.br\/noticia\/wp-json\/wp\/v2\/posts\/104223\/revisions"}],"wp:featuredmedia":[{"embeddable":true,"href":"https:\/\/migracao.redenoticia.com.br\/noticia\/wp-json\/wp\/v2\/media\/91715"}],"wp:attachment":[{"href":"https:\/\/migracao.redenoticia.com.br\/noticia\/wp-json\/wp\/v2\/media?parent=104223"}],"wp:term":[{"taxonomy":"category","embeddable":true,"href":"https:\/\/migracao.redenoticia.com.br\/noticia\/wp-json\/wp\/v2\/categories?post=104223"},{"taxonomy":"post_tag","embeddable":true,"href":"https:\/\/migracao.redenoticia.com.br\/noticia\/wp-json\/wp\/v2\/tags?post=104223"}],"curies":[{"name":"wp","href":"https:\/\/api.w.org\/{rel}","templated":true}]}}