{"id":104230,"date":"2017-01-11T20:25:19","date_gmt":"2017-01-11T22:25:19","guid":{"rendered":"http:\/\/www.redenoticia.com.br\/noticia\/?p=104230"},"modified":"2017-01-11T19:37:22","modified_gmt":"2017-01-11T21:37:22","slug":"novela-carinha-de-anjo-resumo-1201-madre-superiora-que-transferir-cecilia-de-colegio","status":"publish","type":"post","link":"https:\/\/migracao.redenoticia.com.br\/noticia\/2017\/novela-carinha-de-anjo-resumo-1201-madre-superiora-que-transferir-cecilia-de-colegio\/104230","title":{"rendered":"Novela \u201cCarinha de Anjo\u201d resumo 12\/01: Madre quer transferir Cec\u00edlia de col\u00e9gio"},"content":{"rendered":"<p><img loading=\"lazy\" decoding=\"async\" class=\"alignleft size-thumbnail wp-image-99331\" src=\"https:\/\/migracao.redenoticia.com.br\/noticia\/imagens\/carinha_de_anjo_sbt_novela_resumo_capitulo-150x112.jpg\" alt=\"carinha_de_anjo_sbt_novela_resumo_capitulo\" width=\"150\" height=\"112\" srcset=\"https:\/\/migracao.redenoticia.com.br\/noticia\/imagens\/carinha_de_anjo_sbt_novela_resumo_capitulo-150x112.jpg 150w, https:\/\/migracao.redenoticia.com.br\/noticia\/imagens\/carinha_de_anjo_sbt_novela_resumo_capitulo-265x198.jpg 265w\" sizes=\"auto, (max-width: 150px) 100vw, 150px\" \/><strong><em>Novela \u201cCarinha de Anjo\u201d resumo 12\/01<\/em><\/strong>:\u00a0Madre Superiora flagra Cec\u00edlia com Gustavo na rua e fica nervosa. Ela acredita que Cec\u00edlia mentiu e cometeu um pecado. A Madre telefona para Padre Miguel e conta o que descobriu. Depois, Madre Superiora avisa Cec\u00edlia que vai pedir sua transfer\u00eancia para outro col\u00e9gio, para que ela possa repensar sobre sua vida religiosa sem influ\u00eancias e, tamb\u00e9m, que est\u00e1 proibida de falar com Dulce Maria fora da sala de aula. <\/p>\n<p>No cap\u00edtulo 039(*), novela \u201cCarinha de Anjo\u201d, quinta-feira, 12 de janeiro \u2013 Rosana v\u00ea Fl\u00e1vio e vai falar com ele. Em\u00edlio aproveita e tira uma foto do computador que est\u00e1 com o homem. Fl\u00e1vio diz que Nicole logo estar\u00e1 de volta e amea\u00e7a a guarda do menino mais uma vez.<\/p>\n<p>Madre Superiora flagra Cec\u00edlia na rua com Gustavo e fica nervosa. Em\u00edlio conta sua descoberta para a m\u00e3e. Nicole volta para Doce Horizonte com a m\u00e3e, Haydee. Madre Superiora acredita que Cec\u00edlia mentiu e cometeu um pecado. Madre Superiora telefona para o Padre Miguel e conta o que descobriu. Nicole vai at\u00e9 o apartamento de Gustavo.<\/p>\n<p>Dulce Maria diz que Nicole estragou o domingo deles e que Cec\u00edlia seria uma \u00f3tima m\u00e3e. Madre Superiora avisa que pedir\u00e1 a transfer\u00eancia de Cec\u00edlia para outro col\u00e9gio para que ela possa repensar sobre sua vida religiosa sem influ\u00eancias. Cec\u00edlia tamb\u00e9m est\u00e1 proibida de falar com Dulce Maria fora da sala de aula.<\/p>\n<p>(*) edi\u00e7\u00e3o do SBT, Novela \u201cCarinha de Anjo\u201d, sujeito a altera\u00e7\u00e3o de data e conte\u00fado.<\/p>\n","protected":false},"excerpt":{"rendered":"<p>Novela \u201cCarinha de Anjo\u201d resumo 12\/01:\u00a0Madre Superiora flagra Cec\u00edlia com Gustavo na rua e fica nervosa. Ela acredita que Cec\u00edlia mentiu e cometeu um pecado. A Madre telefona para Padre Miguel e conta o que descobriu. Depois, Madre Superiora avisa Cec\u00edlia que vai pedir sua transfer\u00eancia para outro col\u00e9gio, para que ela possa repensar sobre [&hellip;]<\/p>\n","protected":false},"author":4,"featured_media":0,"comment_status":"open","ping_status":"closed","sticky":false,"template":"","format":"standard","meta":{"tdm_status":"","tdm_grid_status":"","footnotes":""},"categories":[452,379,372,343],"tags":[441],"class_list":{"0":"post-104230","1":"post","2":"type-post","3":"status-publish","4":"format-standard","6":"category-carinha-de-anjo","7":"category-novelas","8":"category-sbt","9":"category-televisao","10":"tag-resumo-do-dia"},"_links":{"self":[{"href":"https:\/\/migracao.redenoticia.com.br\/noticia\/wp-json\/wp\/v2\/posts\/104230","targetHints":{"allow":["GET"]}}],"collection":[{"href":"https:\/\/migracao.redenoticia.com.br\/noticia\/wp-json\/wp\/v2\/posts"}],"about":[{"href":"https:\/\/migracao.redenoticia.com.br\/noticia\/wp-json\/wp\/v2\/types\/post"}],"author":[{"embeddable":true,"href":"https:\/\/migracao.redenoticia.com.br\/noticia\/wp-json\/wp\/v2\/users\/4"}],"replies":[{"embeddable":true,"href":"https:\/\/migracao.redenoticia.com.br\/noticia\/wp-json\/wp\/v2\/comments?post=104230"}],"version-history":[{"count":0,"href":"https:\/\/migracao.redenoticia.com.br\/noticia\/wp-json\/wp\/v2\/posts\/104230\/revisions"}],"wp:attachment":[{"href":"https:\/\/migracao.redenoticia.com.br\/noticia\/wp-json\/wp\/v2\/media?parent=104230"}],"wp:term":[{"taxonomy":"category","embeddable":true,"href":"https:\/\/migracao.redenoticia.com.br\/noticia\/wp-json\/wp\/v2\/categories?post=104230"},{"taxonomy":"post_tag","embeddable":true,"href":"https:\/\/migracao.redenoticia.com.br\/noticia\/wp-json\/wp\/v2\/tags?post=104230"}],"curies":[{"name":"wp","href":"https:\/\/api.w.org\/{rel}","templated":true}]}}