{"id":104232,"date":"2017-01-11T18:25:50","date_gmt":"2017-01-11T20:25:50","guid":{"rendered":"http:\/\/www.redenoticia.com.br\/noticia\/?p=104232"},"modified":"2017-01-11T18:34:04","modified_gmt":"2017-01-11T20:34:04","slug":"novela-a-gata-resumo-1201-tilico-sequestra-jacira","status":"publish","type":"post","link":"https:\/\/migracao.redenoticia.com.br\/noticia\/2017\/novela-a-gata-resumo-1201-tilico-sequestra-jacira\/104232","title":{"rendered":"Novela \u201cA Gata\u201d resumo 12\/01: Tilico sequestra Jacira"},"content":{"rendered":"<p><img loading=\"lazy\" decoding=\"async\" class=\"alignleft size-thumbnail wp-image-92254\" src=\"https:\/\/migracao.redenoticia.com.br\/noticia\/imagens\/A_Gata_novela_resumo_SBT-150x112.jpg\" alt=\"A_Gata_novela_resumo_SBT\" width=\"150\" height=\"112\" srcset=\"https:\/\/migracao.redenoticia.com.br\/noticia\/imagens\/A_Gata_novela_resumo_SBT-150x112.jpg 150w, https:\/\/migracao.redenoticia.com.br\/noticia\/imagens\/A_Gata_novela_resumo_SBT-265x198.jpg 265w\" sizes=\"auto, (max-width: 150px) 100vw, 150px\" \/><strong><em>Novela \u201cA Gata\u201d resumo 12\/01<\/em><\/strong>:\u00a0Tilico diz a Esmeralda que precisa de dinheiro para fugir do Pa\u00eds e esta responde que ele \u00e9 um c\u00ednico ao pedir-lhe ajuda, depois de tudo que fez. Ent\u00e3o, Tilico sequestra Jacira. Depois, Esmeralda diz a Paulo que est\u00e1 preocupada com Jacira, pois ela j\u00e1 est\u00e1 a demorar demais para aparecer. In\u00eas e Ra\u00ed se tornam c\u00famplices do sequestro de Jacira. Tilico telefona para Esmeralda para dizer que est\u00e1 com Jacira e vai ter que lhe dar a quantia que ele pedir, do contr\u00e1rio, jamais vai voltar a ver a amiga com vida. Tilico pede ao Silencioso uma quantia milion\u00e1ria. Esmeralda diz a Silencioso que Tilico passou mais da metade de sua vida na pris\u00e3o e a outra parte no lix\u00e3o, ent\u00e3o deve estar a manter Jacira por ali mesmo. Esmeralda procura Rita e diz que Tilico saiu da pris\u00e3o s\u00f3 para lhe perturbar. Rita diz que n\u00e3o justifica, pois ele esteve na cadeia acusado de um crime que n\u00e3o cometeu. Esmeralda responde que seu pai tamb\u00e9m esteve na pris\u00e3o mesmo inocente, e saiu para fazer justi\u00e7a. Rita diz que ela tem raz\u00e3o. <\/p>\n<p>No cap\u00edtulo 109(*), novela \u201cA Gata\u201d, quinta-feira, 12 de janeiro \u2013 In\u00eas e Ra\u00ed viram c\u00famplices do sequestro de Jacira. Tony diz a Billy que sente tristeza que o bando est\u00e1 se desintegrando. Tilico telefona para Esmeralda para dizer que est\u00e1 com Jacira e ter\u00e1 que lhe dar a quantia que ele pedir, do contr\u00e1rio, jamais voltar\u00e1 a ver a amiga com vida. Tilico pede ao Silencioso uma quantia milion\u00e1ria em troca de Jacira. Lorena, furiosa, diz que n\u00e3o consegue tirar o Silencioso da cabe\u00e7a. Gisele a prop\u00f5e que ela v\u00e1 a um SPA a fim de relaxar.<\/p>\n<p>Dami\u00e3o chega com policiais para deter Gisele, acusada de tentativa de assassinato contra Paulo. Gisele diz que a acusa\u00e7\u00e3o n\u00e3o \u00e9 verdadeira. Esmeralda diz ao Silencioso que Tilico passou mais da metade de sua vida na pris\u00e3o e a outra parte no lix\u00e3o, ent\u00e3o deve estar mantendo Jacira por ali mesmo. Virginia diz a Centavinho que pensou bem e n\u00e3o quer ir embora desse mundo sem ter um filho com ele.<\/p>\n<p>Centavinho, surpreso, diz que eles j\u00e1 haviam decidido adotar. Virginia responde que quer ter um filho deles e que seguramente Lorena mentiu quanto a enfermidade. Esmeralda diz a Rita que Tilico saiu da pris\u00e3o s\u00f3 para lhe perturbar. Rita diz que n\u00e3o justifica, mas ele esteve na cadeia acusado de um crime que n\u00e3o cometeu. Esmeralda responde que seu pai tamb\u00e9m esteve na pris\u00e3o sendo inocente, e saiu para fazer justi\u00e7a. Rita diz que ela tem raz\u00e3o. Lorena vai \u00e0 casa do Silencioso procurando por Esmeralda, para lhe pedir perd\u00e3o. O Silencioso diz que n\u00e3o acredita em seu arrependimento e pede que ela v\u00e1 embora de sua casa.<\/p>\n<p>(*) edi\u00e7\u00e3o do SBT, Novela \u201cA Gata\u201d, sujeito a altera\u00e7\u00e3o de data e conte\u00fado.<\/p>\n","protected":false},"excerpt":{"rendered":"<p>Novela \u201cA Gata\u201d resumo 12\/01:\u00a0Tilico diz a Esmeralda que precisa de dinheiro para fugir do Pa\u00eds e esta responde que ele \u00e9 um c\u00ednico ao pedir-lhe ajuda, depois de tudo que fez. Ent\u00e3o, Tilico sequestra Jacira. Depois, Esmeralda diz a Paulo que est\u00e1 preocupada com Jacira, pois ela j\u00e1 est\u00e1 a demorar demais para aparecer. [&hellip;]<\/p>\n","protected":false},"author":4,"featured_media":92254,"comment_status":"open","ping_status":"closed","sticky":false,"template":"","format":"standard","meta":{"tdm_status":"","tdm_grid_status":"","footnotes":""},"categories":[379,372,343],"tags":[441],"class_list":{"0":"post-104232","1":"post","2":"type-post","3":"status-publish","4":"format-standard","5":"has-post-thumbnail","7":"category-novelas","8":"category-sbt","9":"category-televisao","10":"tag-resumo-do-dia"},"_links":{"self":[{"href":"https:\/\/migracao.redenoticia.com.br\/noticia\/wp-json\/wp\/v2\/posts\/104232","targetHints":{"allow":["GET"]}}],"collection":[{"href":"https:\/\/migracao.redenoticia.com.br\/noticia\/wp-json\/wp\/v2\/posts"}],"about":[{"href":"https:\/\/migracao.redenoticia.com.br\/noticia\/wp-json\/wp\/v2\/types\/post"}],"author":[{"embeddable":true,"href":"https:\/\/migracao.redenoticia.com.br\/noticia\/wp-json\/wp\/v2\/users\/4"}],"replies":[{"embeddable":true,"href":"https:\/\/migracao.redenoticia.com.br\/noticia\/wp-json\/wp\/v2\/comments?post=104232"}],"version-history":[{"count":0,"href":"https:\/\/migracao.redenoticia.com.br\/noticia\/wp-json\/wp\/v2\/posts\/104232\/revisions"}],"wp:featuredmedia":[{"embeddable":true,"href":"https:\/\/migracao.redenoticia.com.br\/noticia\/wp-json\/wp\/v2\/media\/92254"}],"wp:attachment":[{"href":"https:\/\/migracao.redenoticia.com.br\/noticia\/wp-json\/wp\/v2\/media?parent=104232"}],"wp:term":[{"taxonomy":"category","embeddable":true,"href":"https:\/\/migracao.redenoticia.com.br\/noticia\/wp-json\/wp\/v2\/categories?post=104232"},{"taxonomy":"post_tag","embeddable":true,"href":"https:\/\/migracao.redenoticia.com.br\/noticia\/wp-json\/wp\/v2\/tags?post=104232"}],"curies":[{"name":"wp","href":"https:\/\/api.w.org\/{rel}","templated":true}]}}