{"id":104237,"date":"2017-01-11T16:25:35","date_gmt":"2017-01-11T18:25:35","guid":{"rendered":"http:\/\/www.redenoticia.com.br\/noticia\/?p=104237"},"modified":"2017-01-11T18:14:53","modified_gmt":"2017-01-11T20:14:53","slug":"novela-querida-inimiga-resumo-1201-hortencia-e-jaime-sao-detidos","status":"publish","type":"post","link":"https:\/\/migracao.redenoticia.com.br\/noticia\/2017\/novela-querida-inimiga-resumo-1201-hortencia-e-jaime-sao-detidos\/104237","title":{"rendered":"Novela \u201cQuerida Inimiga\u201d resumo 12\/01: Hort\u00eancia e Jaime s\u00e3o detidos"},"content":{"rendered":"<p><img loading=\"lazy\" decoding=\"async\" class=\"alignleft size-thumbnail wp-image-99744\" src=\"https:\/\/migracao.redenoticia.com.br\/noticia\/imagens\/querida_inimiga_resumo_novela_SBT-150x112.jpg\" alt=\"querida_inimiga_resumo_novela_sbt\" width=\"150\" height=\"112\" srcset=\"https:\/\/migracao.redenoticia.com.br\/noticia\/imagens\/querida_inimiga_resumo_novela_SBT-150x112.jpg 150w, https:\/\/migracao.redenoticia.com.br\/noticia\/imagens\/querida_inimiga_resumo_novela_SBT-265x198.jpg 265w\" sizes=\"auto, (max-width: 150px) 100vw, 150px\" \/><strong><em>Novela \u201cQuerida Inimiga\u201d resumo 12\/01<\/em><\/strong>: Vasco diz a Hort\u00eancia que Sara \u00e9 uma mentirosa. Hort\u00eancia o pede que volte a trabalhar com ela. A pol\u00edcia chega \u00e0 casa de Hort\u00eancia para lev\u00e1-la junto a Jaime detidos pelo sequestro do beb\u00ea de Omar e Zulema. Os rep\u00f3rteres est\u00e3o a esperar Hort\u00eancia fora do minist\u00e9rio p\u00fablico. Vasco liga para Sara, mas ela est\u00e1 com o celular desligado, pois est\u00e1 na cama com Alonso. O advogado Mandariaga diz a Hort\u00eancia que n\u00e3o conseguiram que ela seja libertada sob fian\u00e7a. Hort\u00eancia pede que ele suborne quem precisar, mas que a tire dali. B\u00e1rbara diz a Sara o que ocorreu a Hort\u00eancia e Jaime. Sara vai imediatamente \u00e0 casa de Zulema e Omar e exige que eles tirem a queixa contra sua av\u00f3 e tio. Se n\u00e3o, jamais v\u00e3o voltar a v\u00ea-la. Lorena pede que Sara n\u00e3o fale assim com sua m\u00e3e. <\/p>\n<p>No cap\u00edtulo 042(*), novela \u201cQuerida Inimiga\u201d, quinta-feira, 12 de janeiro \u2013 Rose e Lorena descobrem que Felipe foi contratado no restaurante. Lorena deixa claro a Felipe que Rose tem namorado. Ernesto fala com seu pessoal e os apresenta entre si. M\u00f4nica acusa Ernesto por arranhar seu carro. Raimundo apresenta Ernesto como a alma do restaurante e M\u00f4nica se enoja. Ernesto se surpreende ao encontrar Lorena no restaurante. M\u00f4nica lembra Lorena que ela est\u00e1 trabalhando sob suas ordens, n\u00e3o \u00e0s de Ernesto.<\/p>\n<p>Ivan consegue o e-mail de Betina e manda uma mensagem para ela, que se surpreende. B\u00e1rbara reclama com Jaime por ele ter dormido na reuni\u00e3o. Jaime embala suas coisas e pede o div\u00f3rcio a B\u00e1rbara. Vasco diz a Hort\u00eancia que Sara \u00e9 uma mentirosa. Hort\u00eancia o pede que volte a trabalhar com ela. A pol\u00edcia chega \u00e0 casa de Hort\u00eancia para lev\u00e1-la junto a Jaime detidos pelo sequestro do beb\u00ea de Omar e Zulema. Os rep\u00f3rteres est\u00e3o esperando Hort\u00eancia fora do minist\u00e9rio p\u00fablico. Vasco liga para Sara, mas ela est\u00e1 com o celular desligado, pois est\u00e1 na cama com Alonso.<\/p>\n<p>Ivan vai visitar seu tio Ernesto, mas eles discutem e Ivan sai. O advogado Mandariaga diz a Hort\u00eancia que n\u00e3o conseguiram que ela seja libertada sob fian\u00e7a. Hort\u00eancia pede que ele suborne quem precisar, mas que a tire dali. Vasco vai visitar Diana e encontra Bruno. Diana diz a Vasco que voltou com Bruno. B\u00e1rbara diz a Sara o que ocorreu a Hort\u00eancia e Jaime. Sara vai imediatamente \u00e0 casa de Zulema e Omar e exige que eles tirem a queixa contra sua av\u00f3 e tio. Se n\u00e3o, jamais voltar\u00e3o a v\u00ea-la. Lorena pede que Sara n\u00e3o fale assim com sua m\u00e3e.<\/p>\n<p>(*) edi\u00e7\u00e3o do SBT, Novela \u201cQuerida Inimiga\u201d, sujeito a altera\u00e7\u00e3o de data e conte\u00fado.<\/p>\n","protected":false},"excerpt":{"rendered":"<p>Novela \u201cQuerida Inimiga\u201d resumo 12\/01: Vasco diz a Hort\u00eancia que Sara \u00e9 uma mentirosa. Hort\u00eancia o pede que volte a trabalhar com ela. A pol\u00edcia chega \u00e0 casa de Hort\u00eancia para lev\u00e1-la junto a Jaime detidos pelo sequestro do beb\u00ea de Omar e Zulema. Os rep\u00f3rteres est\u00e3o a esperar Hort\u00eancia fora do minist\u00e9rio p\u00fablico. Vasco [&hellip;]<\/p>\n","protected":false},"author":4,"featured_media":99744,"comment_status":"open","ping_status":"closed","sticky":false,"template":"","format":"standard","meta":{"tdm_status":"","tdm_grid_status":"","footnotes":""},"categories":[379,372,343],"tags":[441],"class_list":{"0":"post-104237","1":"post","2":"type-post","3":"status-publish","4":"format-standard","5":"has-post-thumbnail","7":"category-novelas","8":"category-sbt","9":"category-televisao","10":"tag-resumo-do-dia"},"_links":{"self":[{"href":"https:\/\/migracao.redenoticia.com.br\/noticia\/wp-json\/wp\/v2\/posts\/104237","targetHints":{"allow":["GET"]}}],"collection":[{"href":"https:\/\/migracao.redenoticia.com.br\/noticia\/wp-json\/wp\/v2\/posts"}],"about":[{"href":"https:\/\/migracao.redenoticia.com.br\/noticia\/wp-json\/wp\/v2\/types\/post"}],"author":[{"embeddable":true,"href":"https:\/\/migracao.redenoticia.com.br\/noticia\/wp-json\/wp\/v2\/users\/4"}],"replies":[{"embeddable":true,"href":"https:\/\/migracao.redenoticia.com.br\/noticia\/wp-json\/wp\/v2\/comments?post=104237"}],"version-history":[{"count":0,"href":"https:\/\/migracao.redenoticia.com.br\/noticia\/wp-json\/wp\/v2\/posts\/104237\/revisions"}],"wp:featuredmedia":[{"embeddable":true,"href":"https:\/\/migracao.redenoticia.com.br\/noticia\/wp-json\/wp\/v2\/media\/99744"}],"wp:attachment":[{"href":"https:\/\/migracao.redenoticia.com.br\/noticia\/wp-json\/wp\/v2\/media?parent=104237"}],"wp:term":[{"taxonomy":"category","embeddable":true,"href":"https:\/\/migracao.redenoticia.com.br\/noticia\/wp-json\/wp\/v2\/categories?post=104237"},{"taxonomy":"post_tag","embeddable":true,"href":"https:\/\/migracao.redenoticia.com.br\/noticia\/wp-json\/wp\/v2\/tags?post=104237"}],"curies":[{"name":"wp","href":"https:\/\/api.w.org\/{rel}","templated":true}]}}