{"id":104290,"date":"2017-01-12T06:07:40","date_gmt":"2017-01-12T08:07:40","guid":{"rendered":"http:\/\/www.redenoticia.com.br\/noticia\/?p=104290"},"modified":"2017-01-11T20:08:55","modified_gmt":"2017-01-11T22:08:55","slug":"bc-inflacao-para-os-que-ganham-menos-fecha-2016-acima-do-teto","status":"publish","type":"post","link":"https:\/\/migracao.redenoticia.com.br\/noticia\/2017\/bc-inflacao-para-os-que-ganham-menos-fecha-2016-acima-do-teto\/104290","title":{"rendered":"BC: infla\u00e7\u00e3o para os que ganham menos fecha 2016 acima do teto"},"content":{"rendered":"<p> O <strong><em>\u00cdndice Nacional de Pre\u00e7os ao Consumidor<\/em><\/strong> (INPC) fechou o ano passado com resultado acumulado de 6,58%, acima da meta fixada pelo Banco Central. Ao contr\u00e1rio, o \u00cdndice Nacional de Pre\u00e7os ao Consumidor Amplo (IPCA) fechou 2016 com alta acumulada de 6,29%, ficando abaixo do teto da meta inflacion\u00e1ria de 6,5% fixada pelo Banco Central.<\/p>\n<p>O INPC capta a varia\u00e7\u00e3o inflacion\u00e1rias das fam\u00edlias de menor renda (entre 1 e 5 sal\u00e1rios), enquanto o IPCA capta a renda dos que ganham at\u00e9 40 sal\u00e1rios. Os dados relativos ao INPC tamb\u00e9m foram divulgados pelo Instituto Brasileiro de Geografia e Estat\u00edstica (IBGE) juntamente com o IPCA.<\/p>\n<p>Em dezembro, o INPC variou 0,14%, ficando 0,07 ponto percentual acima da taxa de 0,07% de novembro. O acumulado no ano (6,58%), no entanto, tamb\u00e9m ficou bem abaixo do que os 11,28% registrados em 2015. Em dezembro de 2015, o INPC foi de 0,9%.<\/p>\n<p>Os produtos aliment\u00edcios variaram 0,05% em dezembro, depois de recuarem (-0,31%) em novembro. J\u00e1 os produtos n\u00e3o aliment\u00edcios (0,18%) subiram menos do que em novembro (0,25%).<\/p>\n<p>O INPC regional mais elevado foi o de Bras\u00edlia (0,87%), onde os alimentos subiram 0,7%, bem acima do \u00edndice nacional (0,05%). O menor \u00edndice foi da regi\u00e3o metropolitana de Curitiba (-0,15%),<\/p>\n<p>O INPC, calculado pelo IBGE desde 1979, se refere \u00e0s fam\u00edlias com rendimento monet\u00e1rio de 1 a 5 sal\u00e1rios e abrange dez regi\u00f5es metropolitanas do pa\u00eds, al\u00e9m dos munic\u00edpios de Goi\u00e2nia, Campo Grande e de Bras\u00edlia.<\/p>\n<p>Nielmar de Oliveira \u2013 Rep\u00f3rter da Ag\u00eancia Brasil<br \/>\nEdi\u00e7\u00e3o: Maria Claudia<br \/>\n12\/01\/2017<\/p>\n","protected":false},"excerpt":{"rendered":"<p>O \u00cdndice Nacional de Pre\u00e7os ao Consumidor (INPC) fechou o ano passado com resultado acumulado de 6,58%, acima da meta fixada pelo Banco Central. Ao contr\u00e1rio, o \u00cdndice Nacional de Pre\u00e7os ao Consumidor Amplo (IPCA) fechou 2016 com alta acumulada de 6,29%, ficando abaixo do teto da meta inflacion\u00e1ria de 6,5% fixada pelo Banco Central. [&hellip;]<\/p>\n","protected":false},"author":2,"featured_media":34916,"comment_status":"open","ping_status":"closed","sticky":false,"template":"","format":"standard","meta":{"tdm_status":"","tdm_grid_status":"","footnotes":""},"categories":[22,7],"tags":[],"class_list":{"0":"post-104290","1":"post","2":"type-post","3":"status-publish","4":"format-standard","5":"has-post-thumbnail","7":"category-brasil","8":"category-economia"},"_links":{"self":[{"href":"https:\/\/migracao.redenoticia.com.br\/noticia\/wp-json\/wp\/v2\/posts\/104290","targetHints":{"allow":["GET"]}}],"collection":[{"href":"https:\/\/migracao.redenoticia.com.br\/noticia\/wp-json\/wp\/v2\/posts"}],"about":[{"href":"https:\/\/migracao.redenoticia.com.br\/noticia\/wp-json\/wp\/v2\/types\/post"}],"author":[{"embeddable":true,"href":"https:\/\/migracao.redenoticia.com.br\/noticia\/wp-json\/wp\/v2\/users\/2"}],"replies":[{"embeddable":true,"href":"https:\/\/migracao.redenoticia.com.br\/noticia\/wp-json\/wp\/v2\/comments?post=104290"}],"version-history":[{"count":0,"href":"https:\/\/migracao.redenoticia.com.br\/noticia\/wp-json\/wp\/v2\/posts\/104290\/revisions"}],"wp:featuredmedia":[{"embeddable":true,"href":"https:\/\/migracao.redenoticia.com.br\/noticia\/wp-json\/wp\/v2\/media\/34916"}],"wp:attachment":[{"href":"https:\/\/migracao.redenoticia.com.br\/noticia\/wp-json\/wp\/v2\/media?parent=104290"}],"wp:term":[{"taxonomy":"category","embeddable":true,"href":"https:\/\/migracao.redenoticia.com.br\/noticia\/wp-json\/wp\/v2\/categories?post=104290"},{"taxonomy":"post_tag","embeddable":true,"href":"https:\/\/migracao.redenoticia.com.br\/noticia\/wp-json\/wp\/v2\/tags?post=104290"}],"curies":[{"name":"wp","href":"https:\/\/api.w.org\/{rel}","templated":true}]}}