{"id":104413,"date":"2017-01-13T06:23:00","date_gmt":"2017-01-13T08:23:00","guid":{"rendered":"http:\/\/www.redenoticia.com.br\/noticia\/?p=104413"},"modified":"2017-01-12T21:35:46","modified_gmt":"2017-01-12T23:35:46","slug":"pesquisas-em-saude-mental-serao-apoiadas","status":"publish","type":"post","link":"https:\/\/migracao.redenoticia.com.br\/noticia\/2017\/pesquisas-em-saude-mental-serao-apoiadas\/104413","title":{"rendered":"Pesquisas em sa\u00fade mental ser\u00e3o apoiadas"},"content":{"rendered":"<p>Ag\u00eancia FAPESP \u2013 A FAPESP anuncia a participa\u00e7\u00e3o em uma chamada de propostas da Global Alliance for Chronic Diseases (GACD). Ser\u00e3o selecionados e apoiados projetos de pesquisas em preven\u00e7\u00e3o e tratamento de <em><strong>transtornos mentais<\/strong><\/em>. Com sede em Londres, a GACD re\u00fane ag\u00eancias financiadoras de pesquisas em doen\u00e7as cr\u00f4nicas n\u00e3o transmiss\u00edveis em diversos pa\u00edses. A alian\u00e7a coordena e apoia atividades de pesquisa que enfoquem a preven\u00e7\u00e3o e o tratamento de doen\u00e7as cr\u00f4nicas n\u00e3o transmiss\u00edveis em escala global \u2013 que respondem por cerca de 60% das mortes em todo o mundo, segundo a organiza\u00e7\u00e3o \u2013, especialmente em pa\u00edses de baixa ou m\u00e9dia renda e com popula\u00e7\u00f5es mais vulner\u00e1veis.<\/p>\n<p>Entre os membros da alian\u00e7a est\u00e3o a FAPESP, o National Health and Medical Research Council da Austr\u00e1lia, os Institutes of Health Research do Canad\u00e1, a Academia de Ci\u00eancias M\u00e9dicas da China, o Medical Research Council do Reino Unido, a Ag\u00eancia para Pesquisa M\u00e9dica do Jap\u00e3o, a Dire\u00e7\u00e3o Geral de Pesquisa e Inova\u00e7\u00e3o da Comiss\u00e3o Europeia e os National Institutes of Health (NIH) dos Estados Unidos.<\/p>\n<p>A oportunidade est\u00e1 aberta a pesquisadores vinculados a institui\u00e7\u00f5es de ensino superior ou de pesquisa no Estado de S\u00e3o Paulo. As submiss\u00f5es dever\u00e3o seguir as normas e orienta\u00e7\u00f5es do Programa de Pesquisa em Pol\u00edticas P\u00fablicas da FAPESP.<\/p>\n<p>Pesquisadores interessados em participar da chamada devem consultar a FAPESP a respeito de sua elegibilidade antes de iniciar a elabora\u00e7\u00e3o do projeto. Apenas pesquisadores considerados eleg\u00edveis poder\u00e3o submeter propostas. As consultas ser\u00e3o recebidas at\u00e9 10 de mar\u00e7o de 2017.<\/p>\n<p>Mais informa\u00e7\u00f5es sobre a chamada: .<\/p>\n<p>O formul\u00e1rio de submiss\u00e3o e o recebimento das propostas na FAPESP estar\u00e3o dispon\u00edveis a partir de 26 de janeiro.<\/p>\n","protected":false},"excerpt":{"rendered":"<p>Ag\u00eancia FAPESP \u2013 A FAPESP anuncia a participa\u00e7\u00e3o em uma chamada de propostas da Global Alliance for Chronic Diseases (GACD). Ser\u00e3o selecionados e apoiados projetos de pesquisas em preven\u00e7\u00e3o e tratamento de transtornos mentais. Com sede em Londres, a GACD re\u00fane ag\u00eancias financiadoras de pesquisas em doen\u00e7as cr\u00f4nicas n\u00e3o transmiss\u00edveis em diversos pa\u00edses. A alian\u00e7a [&hellip;]<\/p>\n","protected":false},"author":2,"featured_media":37376,"comment_status":"open","ping_status":"closed","sticky":false,"template":"","format":"standard","meta":{"tdm_status":"","tdm_grid_status":"","footnotes":""},"categories":[22,370,353],"tags":[],"class_list":{"0":"post-104413","1":"post","2":"type-post","3":"status-publish","4":"format-standard","5":"has-post-thumbnail","7":"category-brasil","8":"category-inscricao","9":"category-oportunidades"},"_links":{"self":[{"href":"https:\/\/migracao.redenoticia.com.br\/noticia\/wp-json\/wp\/v2\/posts\/104413","targetHints":{"allow":["GET"]}}],"collection":[{"href":"https:\/\/migracao.redenoticia.com.br\/noticia\/wp-json\/wp\/v2\/posts"}],"about":[{"href":"https:\/\/migracao.redenoticia.com.br\/noticia\/wp-json\/wp\/v2\/types\/post"}],"author":[{"embeddable":true,"href":"https:\/\/migracao.redenoticia.com.br\/noticia\/wp-json\/wp\/v2\/users\/2"}],"replies":[{"embeddable":true,"href":"https:\/\/migracao.redenoticia.com.br\/noticia\/wp-json\/wp\/v2\/comments?post=104413"}],"version-history":[{"count":0,"href":"https:\/\/migracao.redenoticia.com.br\/noticia\/wp-json\/wp\/v2\/posts\/104413\/revisions"}],"wp:featuredmedia":[{"embeddable":true,"href":"https:\/\/migracao.redenoticia.com.br\/noticia\/wp-json\/wp\/v2\/media\/37376"}],"wp:attachment":[{"href":"https:\/\/migracao.redenoticia.com.br\/noticia\/wp-json\/wp\/v2\/media?parent=104413"}],"wp:term":[{"taxonomy":"category","embeddable":true,"href":"https:\/\/migracao.redenoticia.com.br\/noticia\/wp-json\/wp\/v2\/categories?post=104413"},{"taxonomy":"post_tag","embeddable":true,"href":"https:\/\/migracao.redenoticia.com.br\/noticia\/wp-json\/wp\/v2\/tags?post=104413"}],"curies":[{"name":"wp","href":"https:\/\/api.w.org\/{rel}","templated":true}]}}