{"id":104421,"date":"2017-01-13T06:27:08","date_gmt":"2017-01-13T08:27:08","guid":{"rendered":"http:\/\/www.redenoticia.com.br\/noticia\/?p=104421"},"modified":"2017-01-12T21:27:56","modified_gmt":"2017-01-12T23:27:56","slug":"pedidos-de-recuperacao-judicial-batem-recorde-em-2016-diz-serasa","status":"publish","type":"post","link":"https:\/\/migracao.redenoticia.com.br\/noticia\/2017\/pedidos-de-recuperacao-judicial-batem-recorde-em-2016-diz-serasa\/104421","title":{"rendered":"Pedidos de recupera\u00e7\u00e3o judicial batem recorde em 2016, diz Serasa"},"content":{"rendered":"<p> Os setores de com\u00e9rcio, ind\u00fastria e servi\u00e7os bateram recorde de pedidos de <strong><em>recupera\u00e7\u00e3o judicial<\/em><\/strong> em 2016. O resultado, divulgado pela Serasa Experian, \u00e9 o pior desde 2005, in\u00edcio da s\u00e9rie hist\u00f3rica do levantamento. No total, foram 1.770 processos deste tipo no ano passado: 713 no setor de servi\u00e7os, 611 no com\u00e9rcio e 446 na ind\u00fastria.<\/p>\n<p>\u201cO aprofundamento da recess\u00e3o econ\u00f4mica em 2016 atingiu de forma significativa o consumo das fam\u00edlias, seja pela eleva\u00e7\u00e3o do desemprego, seja pelo encarecimento do cr\u00e9dito. Assim, o com\u00e9rcio foi o setor econ\u00f4mico que acabou sofrendo mais intensamente a redu\u00e7\u00e3o do consumo, provocando dificuldades financeiras \u00e0s empresas deste setor\u201d, destaca a Serasa.<\/p>\n<p>Na compara\u00e7\u00e3o com 2015, o com\u00e9rcio foi o setor que apresentou a maior eleva\u00e7\u00e3o no n\u00famero de recupera\u00e7\u00f5es judiciais requeridas em 2016, com aumento de 51,2% nos pedidos. O setor de servi\u00e7os vem em seguida, com 48,5% a mais. J\u00e1 na ind\u00fastria, os pedidos de recupera\u00e7\u00e3o judicial cresceram 24,2%, de um ano para o outro.<\/p>\n<p>Fal\u00eancias<\/p>\n<p>O levantamento mostra tamb\u00e9m que aumentou o n\u00famero de pedidos de fal\u00eancia no ano passado em rela\u00e7\u00e3o a 2015. Foram 1.846 solicita\u00e7\u00f5es em 2016 ante 1.760 no ano anterior. O setor de servi\u00e7os tamb\u00e9m liderou os pedidos de fal\u00eancia, com 746 processos. Em seguida, aparecem a ind\u00fastria, com 676 fal\u00eancias requeridas, e o com\u00e9rcio, com 424 pedidos.<\/p>\n<p>Bruno Bocchini &#8211; Rep\u00f3rter da Ag\u00eancia Brasil<br \/>\nEdi\u00e7\u00e3o: Luana Louren\u00e7o<br \/>\n13\/01\/2017<\/p>\n","protected":false},"excerpt":{"rendered":"<p>Os setores de com\u00e9rcio, ind\u00fastria e servi\u00e7os bateram recorde de pedidos de recupera\u00e7\u00e3o judicial em 2016. O resultado, divulgado pela Serasa Experian, \u00e9 o pior desde 2005, in\u00edcio da s\u00e9rie hist\u00f3rica do levantamento. No total, foram 1.770 processos deste tipo no ano passado: 713 no setor de servi\u00e7os, 611 no com\u00e9rcio e 446 na ind\u00fastria. [&hellip;]<\/p>\n","protected":false},"author":2,"featured_media":57582,"comment_status":"open","ping_status":"closed","sticky":false,"template":"","format":"standard","meta":{"tdm_status":"","tdm_grid_status":"","footnotes":""},"categories":[22,7],"tags":[],"class_list":{"0":"post-104421","1":"post","2":"type-post","3":"status-publish","4":"format-standard","5":"has-post-thumbnail","7":"category-brasil","8":"category-economia"},"_links":{"self":[{"href":"https:\/\/migracao.redenoticia.com.br\/noticia\/wp-json\/wp\/v2\/posts\/104421","targetHints":{"allow":["GET"]}}],"collection":[{"href":"https:\/\/migracao.redenoticia.com.br\/noticia\/wp-json\/wp\/v2\/posts"}],"about":[{"href":"https:\/\/migracao.redenoticia.com.br\/noticia\/wp-json\/wp\/v2\/types\/post"}],"author":[{"embeddable":true,"href":"https:\/\/migracao.redenoticia.com.br\/noticia\/wp-json\/wp\/v2\/users\/2"}],"replies":[{"embeddable":true,"href":"https:\/\/migracao.redenoticia.com.br\/noticia\/wp-json\/wp\/v2\/comments?post=104421"}],"version-history":[{"count":0,"href":"https:\/\/migracao.redenoticia.com.br\/noticia\/wp-json\/wp\/v2\/posts\/104421\/revisions"}],"wp:featuredmedia":[{"embeddable":true,"href":"https:\/\/migracao.redenoticia.com.br\/noticia\/wp-json\/wp\/v2\/media\/57582"}],"wp:attachment":[{"href":"https:\/\/migracao.redenoticia.com.br\/noticia\/wp-json\/wp\/v2\/media?parent=104421"}],"wp:term":[{"taxonomy":"category","embeddable":true,"href":"https:\/\/migracao.redenoticia.com.br\/noticia\/wp-json\/wp\/v2\/categories?post=104421"},{"taxonomy":"post_tag","embeddable":true,"href":"https:\/\/migracao.redenoticia.com.br\/noticia\/wp-json\/wp\/v2\/tags?post=104421"}],"curies":[{"name":"wp","href":"https:\/\/api.w.org\/{rel}","templated":true}]}}