{"id":1045,"date":"2009-04-30T14:26:09","date_gmt":"2009-04-30T18:26:09","guid":{"rendered":"http:\/\/www.redenoticia.com.br\/noticia\/?p=1045"},"modified":"2009-08-24T13:21:31","modified_gmt":"2009-08-24T17:21:31","slug":"alimentos-que-turbinam-as-defesas","status":"publish","type":"post","link":"https:\/\/migracao.redenoticia.com.br\/noticia\/2009\/alimentos-que-turbinam-as-defesas\/1045","title":{"rendered":"Alimentos que turbinam as defesas"},"content":{"rendered":"<p class=\"MsoNormal\" style=\"background: white none repeat scroll 0%; margin-top: 9pt; line-height: 13.5pt;\"><strong><span style=\"font-family: Arial;\"><a href=\"https:\/\/migracao.redenoticia.com.br\/noticia\/imagens\/\/destaque3.jpg\"><img loading=\"lazy\" decoding=\"async\" class=\"alignleft size-thumbnail wp-image-1046\" title=\"destaque3\" src=\"https:\/\/migracao.redenoticia.com.br\/noticia\/imagens\/\/destaque3-148x112.jpg\" alt=\"destaque3\" width=\"148\" height=\"112\" \/><\/a>Iogurte<\/span><\/strong><strong><span style=\"font-family: Arial;\"><br \/>\n<\/span><\/strong><span style=\"font-family: Arial;\">Seus lactobacilos recuperam a flora intestinal e fortalecem o sistema imunol\u00f3gico.<br \/>\n<!--[if !supportLineBreakNewLine]--><br \/>\n<!--[endif]--><\/span><\/p>\n<p class=\"MsoNormal\" style=\"background: white none repeat scroll 0%; margin-top: 9pt; line-height: 13.5pt;\"><strong><span style=\"font-family: Arial;\">Suco de agri\u00e3o com laranja<\/span><\/strong><strong><span style=\"font-family: Arial;\"><br \/>\n<\/span><\/strong><span style=\"font-family: Arial;\">A clorofila \u00e9 rica em zinco, ferro e vitamina C. Basta um copo de 250 ml por dia.<\/p>\n<p><strong>Cogumelo shitake<\/strong><strong><br \/>\n<\/strong>Estimula a produ\u00e7\u00e3o das c\u00e9lulas de defesa do organismo.<\/p>\n<p><strong>Alho<\/strong><strong><br \/>\n<\/strong>Previne o c\u00e2ncer e as doen\u00e7as card\u00edacas. Melhor ainda se consumido assado em forno comum ou no microondas.<\/p>\n<p><strong>Gengibre<\/strong><strong><br \/>\n<\/strong>Se n\u00e3o estiver gr\u00e1vida, pode consumi-lo antes das refei\u00e7\u00f5es para ajudar no processo digestivo.<\/p>\n<p>Por Dalila Magarian e L\u00edvia Valim \u2013 Mdemulher<\/span><\/p>\n<p class=\"MsoNormal\" style=\"background: white none repeat scroll 0%; margin-bottom: 7.5pt; line-height: 9.75pt;\"><span class=\"origemrevista1\"><span style=\"font-size: 7.5pt; font-family: Arial; font-weight: normal;\">Conte\u00fado do site <span style=\"color: windowtext; text-decoration: none;\">NOVA<\/span><\/span><\/span><span style=\"font-family: Arial;\"> <\/span><\/p>\n","protected":false},"excerpt":{"rendered":"<p>Iogurte Seus lactobacilos recuperam a flora intestinal e fortalecem o sistema imunol\u00f3gico. Suco de agri\u00e3o com laranja A clorofila \u00e9 rica em zinco, ferro e vitamina C. Basta um copo de 250 ml por dia. Cogumelo shitake Estimula a produ\u00e7\u00e3o das c\u00e9lulas de defesa do organismo. Alho Previne o c\u00e2ncer e as doen\u00e7as card\u00edacas. Melhor [&hellip;]<\/p>\n","protected":false},"author":3,"featured_media":0,"comment_status":"open","ping_status":"open","sticky":false,"template":"","format":"standard","meta":{"tdm_status":"","tdm_grid_status":"","footnotes":""},"categories":[22],"tags":[],"class_list":{"0":"post-1045","1":"post","2":"type-post","3":"status-publish","4":"format-standard","6":"category-brasil"},"_links":{"self":[{"href":"https:\/\/migracao.redenoticia.com.br\/noticia\/wp-json\/wp\/v2\/posts\/1045","targetHints":{"allow":["GET"]}}],"collection":[{"href":"https:\/\/migracao.redenoticia.com.br\/noticia\/wp-json\/wp\/v2\/posts"}],"about":[{"href":"https:\/\/migracao.redenoticia.com.br\/noticia\/wp-json\/wp\/v2\/types\/post"}],"author":[{"embeddable":true,"href":"https:\/\/migracao.redenoticia.com.br\/noticia\/wp-json\/wp\/v2\/users\/3"}],"replies":[{"embeddable":true,"href":"https:\/\/migracao.redenoticia.com.br\/noticia\/wp-json\/wp\/v2\/comments?post=1045"}],"version-history":[{"count":0,"href":"https:\/\/migracao.redenoticia.com.br\/noticia\/wp-json\/wp\/v2\/posts\/1045\/revisions"}],"wp:attachment":[{"href":"https:\/\/migracao.redenoticia.com.br\/noticia\/wp-json\/wp\/v2\/media?parent=1045"}],"wp:term":[{"taxonomy":"category","embeddable":true,"href":"https:\/\/migracao.redenoticia.com.br\/noticia\/wp-json\/wp\/v2\/categories?post=1045"},{"taxonomy":"post_tag","embeddable":true,"href":"https:\/\/migracao.redenoticia.com.br\/noticia\/wp-json\/wp\/v2\/tags?post=1045"}],"curies":[{"name":"wp","href":"https:\/\/api.w.org\/{rel}","templated":true}]}}