{"id":104513,"date":"2017-01-14T23:08:09","date_gmt":"2017-01-15T01:08:09","guid":{"rendered":"http:\/\/www.redenoticia.com.br\/noticia\/?p=104513"},"modified":"2017-01-14T23:08:09","modified_gmt":"2017-01-15T01:08:09","slug":"novela-dois-irmaos-resumo-1601-zana-decepciona-se-com-omar","status":"publish","type":"post","link":"https:\/\/migracao.redenoticia.com.br\/noticia\/2017\/novela-dois-irmaos-resumo-1601-zana-decepciona-se-com-omar\/104513","title":{"rendered":"Novela \u201cDois Irm\u00e3os\u201d resumo 16\/01: Zana decepciona-se com Omar"},"content":{"rendered":"<p> <img loading=\"lazy\" decoding=\"async\" class=\"alignleft size-thumbnail wp-image-103951\" src=\"https:\/\/migracao.redenoticia.com.br\/noticia\/imagens\/dois-irmaos-resumo-150x112.jpg\" alt=\"\" width=\"150\" height=\"112\" srcset=\"https:\/\/migracao.redenoticia.com.br\/noticia\/imagens\/dois-irmaos-resumo-150x112.jpg 150w, https:\/\/migracao.redenoticia.com.br\/noticia\/imagens\/dois-irmaos-resumo-265x198.jpg 265w\" sizes=\"auto, (max-width: 150px) 100vw, 150px\" \/><strong><em>Novela \u201cDois Irm\u00e3os\u201d resumo 16\/01<\/em><\/strong>: Zana acredita que mandar Omar para morar com Yaqub em S\u00e3o Paulo pode mudar o filho. Mais um engano da m\u00e3e dos g\u00eameos. O ca\u00e7ula da fam\u00edlia volta para Manaus ap\u00f3s passar uma temporada na metr\u00f3pole e Zana come\u00e7a a desconfiar das atitudes dele. Ela observa que o filho sai todos os dias para trabalhar e o questiona sobre o emprego. Com poucas palavras, Omar diz que s\u00e3o neg\u00f3cios e que \u00e9 o bra\u00e7o direito do gerente no trabalho. Mas, ela come\u00e7a a se incomodar e resolve seguir o ca\u00e7ula. Zana acaba por se decepcionar mais uma vez com o filho. Ela descobre que Omar trabalha com contrabando.<\/p>\n<p>No cap\u00edtulo 006(*), novela \u201cDois Irm\u00e3os\u201d, segunda-feira, 16 de janeiro \u2013 Omar destr\u00f3i seu quarto. Yakub n\u00e3o se rende ao apelo dos pais e avisa que o irm\u00e3o n\u00e3o ir\u00e1 morar com ele em S\u00e3o Paulo. Omar chega ao aeroporto apressado e n\u00e3o se despede de Halim e R\u00e2nia. <\/p>\n<p>Domingas e Nael arrumam o quarto que foi destru\u00eddo. Estelita prende Abelardo na jaula dos macacos. Nael observa R\u00e2nia trocar de roupa. Domingas n\u00e3o consegue revelar ao filho quem \u00e9 seu pai. Nael come\u00e7a a estudar no col\u00e9gio de Omar, com o professor Laval. Omar volta de S\u00e3o Paulo. <\/p>\n<p>Halim comenta com Nael que acreditava que Omar tivesse mudado. Omar reencontra Laval. Nael v\u00ea Omar com o Lorde Wyckham no porto. Zana descobre o segredo sobre o novo neg\u00f3cio do filho. Halim promete \u00e0 esposa que trar\u00e1 Omar de volta.<\/p>\n<p>(*) edi\u00e7\u00e3o da Rede Globo, Novela \u201cDois Irm\u00e3os\u201d, sujeito a altera\u00e7\u00e3o de data e conte\u00fado.<\/p>\n","protected":false},"excerpt":{"rendered":"<p>Novela \u201cDois Irm\u00e3os\u201d resumo 16\/01: Zana acredita que mandar Omar para morar com Yaqub em S\u00e3o Paulo pode mudar o filho. Mais um engano da m\u00e3e dos g\u00eameos. O ca\u00e7ula da fam\u00edlia volta para Manaus ap\u00f3s passar uma temporada na metr\u00f3pole e Zana come\u00e7a a desconfiar das atitudes dele. Ela observa que o filho sai [&hellip;]<\/p>\n","protected":false},"author":2,"featured_media":103951,"comment_status":"open","ping_status":"closed","sticky":false,"template":"","format":"standard","meta":{"tdm_status":"","tdm_grid_status":"","footnotes":""},"categories":[379,375,343],"tags":[441],"class_list":{"0":"post-104513","1":"post","2":"type-post","3":"status-publish","4":"format-standard","5":"has-post-thumbnail","7":"category-novelas","8":"category-rede-globo","9":"category-televisao","10":"tag-resumo-do-dia"},"_links":{"self":[{"href":"https:\/\/migracao.redenoticia.com.br\/noticia\/wp-json\/wp\/v2\/posts\/104513","targetHints":{"allow":["GET"]}}],"collection":[{"href":"https:\/\/migracao.redenoticia.com.br\/noticia\/wp-json\/wp\/v2\/posts"}],"about":[{"href":"https:\/\/migracao.redenoticia.com.br\/noticia\/wp-json\/wp\/v2\/types\/post"}],"author":[{"embeddable":true,"href":"https:\/\/migracao.redenoticia.com.br\/noticia\/wp-json\/wp\/v2\/users\/2"}],"replies":[{"embeddable":true,"href":"https:\/\/migracao.redenoticia.com.br\/noticia\/wp-json\/wp\/v2\/comments?post=104513"}],"version-history":[{"count":0,"href":"https:\/\/migracao.redenoticia.com.br\/noticia\/wp-json\/wp\/v2\/posts\/104513\/revisions"}],"wp:featuredmedia":[{"embeddable":true,"href":"https:\/\/migracao.redenoticia.com.br\/noticia\/wp-json\/wp\/v2\/media\/103951"}],"wp:attachment":[{"href":"https:\/\/migracao.redenoticia.com.br\/noticia\/wp-json\/wp\/v2\/media?parent=104513"}],"wp:term":[{"taxonomy":"category","embeddable":true,"href":"https:\/\/migracao.redenoticia.com.br\/noticia\/wp-json\/wp\/v2\/categories?post=104513"},{"taxonomy":"post_tag","embeddable":true,"href":"https:\/\/migracao.redenoticia.com.br\/noticia\/wp-json\/wp\/v2\/tags?post=104513"}],"curies":[{"name":"wp","href":"https:\/\/api.w.org\/{rel}","templated":true}]}}