{"id":104553,"date":"2017-01-16T01:31:06","date_gmt":"2017-01-16T03:31:06","guid":{"rendered":"http:\/\/www.redenoticia.com.br\/noticia\/?p=104553"},"modified":"2017-01-15T23:48:34","modified_gmt":"2017-01-16T01:48:34","slug":"oit-efeitos-da-recessao-vao-aumentar-desemprego-mundial-em-2017","status":"publish","type":"post","link":"https:\/\/migracao.redenoticia.com.br\/noticia\/2017\/oit-efeitos-da-recessao-vao-aumentar-desemprego-mundial-em-2017\/104553","title":{"rendered":"OIT: efeitos da recess\u00e3o v\u00e3o aumentar desemprego mundial em 2017"},"content":{"rendered":"<p> A <strong><em>taxa mundial de desemprego<\/em><\/strong> continuar\u00e1 subindo em 2017, segundo a Organiza\u00e7\u00e3o Internacional do Trabalho (OIT). O novo relat\u00f3rio divulgado pela organiza\u00e7\u00e3o estima que este ano haver\u00e1 um aumento de 3,4 milh\u00f5es de pessoas desempregadas.<\/p>\n<p>A previs\u00e3o \u00e9 que o n\u00famero de pessoas desempregadas no mundo inteiro chegue a aproximadamente 201 milh\u00f5es. A tend\u00eancia de crescimento deve se estender at\u00e9 2018, ano que deve registrar aumento de 2,7 milh\u00f5es de desempregados em rela\u00e7\u00e3o a 2017.<\/p>\n<p>Segundo a dire\u00e7\u00e3o da OIT, o desemprego continuar\u00e1 subindo nos pr\u00f3ximos anos porque o ritmo de aumento da for\u00e7a de trabalho supera o da cria\u00e7\u00e3o de empregos. A organiza\u00e7\u00e3o alerta que o crescimento econ\u00f4mico mundial \u201csegue decepcionante\u201d, fato que inibe a cria\u00e7\u00e3o de empregos suficientes e de qualidade.<\/p>\n<p>O relat\u00f3rio destaca que o desafio do desemprego \u00e9 mais grave na Am\u00e9rica Latina e Caribe e na \u00c1frica Subsaariana, que ainda enfrentam os efeitos da recente recess\u00e3o econ\u00f4mica de seus pa\u00edses. O dado, segundo alerta a OIT, pode levar ao aumento da pobreza e dos movimentos migrat\u00f3rios em dire\u00e7\u00e3o aos pa\u00edses desenvolvidos, entre outras consequ\u00eancias sociais.<\/p>\n<p>Situa\u00e7\u00e3o do Brasil<\/p>\n<p>Sobre o Brasil, o relat\u00f3rio conclui que os efeitos da recess\u00e3o econ\u00f4mica de 2016 continuar\u00e3o em 2017, o que elevar\u00e1 o n\u00famero de desempregados brasileiros para 13,6 milh\u00f5es, contra os 12,4 milh\u00f5es registrados em 2016.<\/p>\n<p>A taxa de desemprego no Brasil passar\u00e1 dos atuais 11,5% para 12,4%, o que representa um aumento de mais de um milh\u00e3o de desempregados em 2017. A situa\u00e7\u00e3o brasileira agrava o n\u00edvel de desemprego na Am\u00e9rica Latina, que pode atingir a taxa de desemprego de 8,4%, \u00edndice puxado pela crise econ\u00f4mica e deteriora\u00e7\u00e3o dos empregos do maior pa\u00eds da regi\u00e3o, afirma o documento.<\/p>\n<p>D\u00e9bora Brito &#8211; Rep\u00f3rter da Ag\u00eancia Brasil<br \/>\nEdi\u00e7\u00e3o: Maria Claudia<br \/>\n16\/01\/2017<\/p>\n","protected":false},"excerpt":{"rendered":"<p>A taxa mundial de desemprego continuar\u00e1 subindo em 2017, segundo a Organiza\u00e7\u00e3o Internacional do Trabalho (OIT). O novo relat\u00f3rio divulgado pela organiza\u00e7\u00e3o estima que este ano haver\u00e1 um aumento de 3,4 milh\u00f5es de pessoas desempregadas. A previs\u00e3o \u00e9 que o n\u00famero de pessoas desempregadas no mundo inteiro chegue a aproximadamente 201 milh\u00f5es. A tend\u00eancia de [&hellip;]<\/p>\n","protected":false},"author":2,"featured_media":57582,"comment_status":"open","ping_status":"closed","sticky":false,"template":"","format":"standard","meta":{"tdm_status":"","tdm_grid_status":"","footnotes":""},"categories":[22,7],"tags":[],"class_list":{"0":"post-104553","1":"post","2":"type-post","3":"status-publish","4":"format-standard","5":"has-post-thumbnail","7":"category-brasil","8":"category-economia"},"_links":{"self":[{"href":"https:\/\/migracao.redenoticia.com.br\/noticia\/wp-json\/wp\/v2\/posts\/104553","targetHints":{"allow":["GET"]}}],"collection":[{"href":"https:\/\/migracao.redenoticia.com.br\/noticia\/wp-json\/wp\/v2\/posts"}],"about":[{"href":"https:\/\/migracao.redenoticia.com.br\/noticia\/wp-json\/wp\/v2\/types\/post"}],"author":[{"embeddable":true,"href":"https:\/\/migracao.redenoticia.com.br\/noticia\/wp-json\/wp\/v2\/users\/2"}],"replies":[{"embeddable":true,"href":"https:\/\/migracao.redenoticia.com.br\/noticia\/wp-json\/wp\/v2\/comments?post=104553"}],"version-history":[{"count":0,"href":"https:\/\/migracao.redenoticia.com.br\/noticia\/wp-json\/wp\/v2\/posts\/104553\/revisions"}],"wp:featuredmedia":[{"embeddable":true,"href":"https:\/\/migracao.redenoticia.com.br\/noticia\/wp-json\/wp\/v2\/media\/57582"}],"wp:attachment":[{"href":"https:\/\/migracao.redenoticia.com.br\/noticia\/wp-json\/wp\/v2\/media?parent=104553"}],"wp:term":[{"taxonomy":"category","embeddable":true,"href":"https:\/\/migracao.redenoticia.com.br\/noticia\/wp-json\/wp\/v2\/categories?post=104553"},{"taxonomy":"post_tag","embeddable":true,"href":"https:\/\/migracao.redenoticia.com.br\/noticia\/wp-json\/wp\/v2\/tags?post=104553"}],"curies":[{"name":"wp","href":"https:\/\/api.w.org\/{rel}","templated":true}]}}