{"id":104581,"date":"2017-01-17T01:01:58","date_gmt":"2017-01-17T03:01:58","guid":{"rendered":"http:\/\/www.redenoticia.com.br\/noticia\/?p=104581"},"modified":"2017-01-16T10:02:52","modified_gmt":"2017-01-16T12:02:52","slug":"a-c-camargo-cancer-center-abre-selecao-para-iniciacao-cientifica","status":"publish","type":"post","link":"https:\/\/migracao.redenoticia.com.br\/noticia\/2017\/a-c-camargo-cancer-center-abre-selecao-para-iniciacao-cientifica\/104581","title":{"rendered":"A.C.Camargo Cancer Center abre sele\u00e7\u00e3o para inicia\u00e7\u00e3o cient\u00edfica"},"content":{"rendered":"<p>Ag\u00eancia FAPESP \u2013 A Funda\u00e7\u00e3o Ant\u00f4nio Prudente &#8211; A.C. Camargo Cancer Center, por interm\u00e9dio de seu Conselho de P\u00f3s-Gradua\u00e7\u00e3o (CPG), abriu inscri\u00e7\u00f5es para <em><strong>bolsas de Inicia\u00e7\u00e3o Cient\u00edfica<\/strong><\/em> &#8211; Programa Institucional de Bolsas de Inicia\u00e7\u00e3o Cient\u00edfica (PIBIC). O prazo encerra em 27 de janeiro.<\/p>\n<p>S\u00e3o, ao todo, seis vagas entre as linhas de pesquisa b\u00e1sica e cl\u00ednica dos projetos:<\/p>\n<p>&#8211; Correla\u00e7\u00e3o entre avalia\u00e7\u00e3o nutricional e composi\u00e7\u00e3o corporal avaliada por m\u00e9todos de imagem em pacientes oncol\u00f3gicos.<\/p>\n<p>&#8211; Avalia\u00e7\u00e3o da express\u00e3o de claudinas em tumores de gl\u00e2ndula salivar.<\/p>\n<p>&#8211; Caracteriza\u00e7\u00e3o molecular de uma fam\u00edlia com fen\u00f3tipo n\u00e3o usual de sarcoma associado \u00e0 s\u00edndrome de Lynch.<\/p>\n<p>&#8211; Caracteriza\u00e7\u00e3o da primeira linhagem celular de glioblastoma estabelecida no AC Camargo Cancer Center.<\/p>\n<p>&#8211; Implante de filtro de veia cava inferior em pacientes com neoplasia maligna: a experi\u00eancia de um Cancer Center.<\/p>\n<p>&#8211; An\u00e1lise de reconvoca\u00e7\u00f5es para exames de tomografia computadorizada (TC) e resson\u00e2ncia nuclear magn\u00e9tica (RNM) em um centro oncol\u00f3gico.<\/p>\n<p>&#8211; Suic\u00eddio na Popula\u00e7\u00e3o Oncol\u00f3gica: Valida\u00e7\u00e3o para o portugu\u00eas\/Brasil do Question\u00e1rio de Necessidades Interpessoais e da Escala de Capacidade Adquirida para Suic\u00eddio em pacientes oncol\u00f3gicos e seguimento p\u00f3s-tratamento oncol\u00f3gico ap\u00f3s um ano do diagn\u00f3stico.<\/p>\n<p>&#8211; Detec\u00e7\u00e3o de \u00c1cido Hialur\u00f4nico, Cofilina-1 e muta\u00e7\u00f5es em bi\u00f3psia l\u00edquida de escarro como rastreamento de pacientes com c\u00e2ncer de pulm\u00e3o.<\/p>\n<p>As inscri\u00e7\u00f5es devem ser feitas na secretaria da P\u00f3s-Gradua\u00e7\u00e3o \u00e0 rua Professor Ant\u00f4nio Prudente 109, 2\u00ba subsolo, Liberdade, S\u00e3o Paulo. Os alunos selecionados iniciar\u00e3o as atividades em 6 de fevereiro de 2017.<\/p>\n<p>Mais informa\u00e7\u00f5es:\u00a0\u00a0ou com a Secretaria de P\u00f3s-Gradua\u00e7\u00e3o da Funda\u00e7\u00e3o Ant\u00f4nio Prudente, telefone (11) 2189-5000, ramal 2031, ou (11) 2189- 5113.<\/p>\n","protected":false},"excerpt":{"rendered":"<p>Ag\u00eancia FAPESP \u2013 A Funda\u00e7\u00e3o Ant\u00f4nio Prudente &#8211; A.C. Camargo Cancer Center, por interm\u00e9dio de seu Conselho de P\u00f3s-Gradua\u00e7\u00e3o (CPG), abriu inscri\u00e7\u00f5es para bolsas de Inicia\u00e7\u00e3o Cient\u00edfica &#8211; Programa Institucional de Bolsas de Inicia\u00e7\u00e3o Cient\u00edfica (PIBIC). O prazo encerra em 27 de janeiro. S\u00e3o, ao todo, seis vagas entre as linhas de pesquisa b\u00e1sica e [&hellip;]<\/p>\n","protected":false},"author":2,"featured_media":35093,"comment_status":"open","ping_status":"closed","sticky":false,"template":"","format":"standard","meta":{"tdm_status":"","tdm_grid_status":"","footnotes":""},"categories":[22,370,353],"tags":[],"class_list":{"0":"post-104581","1":"post","2":"type-post","3":"status-publish","4":"format-standard","5":"has-post-thumbnail","7":"category-brasil","8":"category-inscricao","9":"category-oportunidades"},"_links":{"self":[{"href":"https:\/\/migracao.redenoticia.com.br\/noticia\/wp-json\/wp\/v2\/posts\/104581","targetHints":{"allow":["GET"]}}],"collection":[{"href":"https:\/\/migracao.redenoticia.com.br\/noticia\/wp-json\/wp\/v2\/posts"}],"about":[{"href":"https:\/\/migracao.redenoticia.com.br\/noticia\/wp-json\/wp\/v2\/types\/post"}],"author":[{"embeddable":true,"href":"https:\/\/migracao.redenoticia.com.br\/noticia\/wp-json\/wp\/v2\/users\/2"}],"replies":[{"embeddable":true,"href":"https:\/\/migracao.redenoticia.com.br\/noticia\/wp-json\/wp\/v2\/comments?post=104581"}],"version-history":[{"count":0,"href":"https:\/\/migracao.redenoticia.com.br\/noticia\/wp-json\/wp\/v2\/posts\/104581\/revisions"}],"wp:featuredmedia":[{"embeddable":true,"href":"https:\/\/migracao.redenoticia.com.br\/noticia\/wp-json\/wp\/v2\/media\/35093"}],"wp:attachment":[{"href":"https:\/\/migracao.redenoticia.com.br\/noticia\/wp-json\/wp\/v2\/media?parent=104581"}],"wp:term":[{"taxonomy":"category","embeddable":true,"href":"https:\/\/migracao.redenoticia.com.br\/noticia\/wp-json\/wp\/v2\/categories?post=104581"},{"taxonomy":"post_tag","embeddable":true,"href":"https:\/\/migracao.redenoticia.com.br\/noticia\/wp-json\/wp\/v2\/tags?post=104581"}],"curies":[{"name":"wp","href":"https:\/\/api.w.org\/{rel}","templated":true}]}}