{"id":104583,"date":"2017-01-17T01:02:57","date_gmt":"2017-01-17T03:02:57","guid":{"rendered":"http:\/\/www.redenoticia.com.br\/noticia\/?p=104583"},"modified":"2017-01-16T10:04:41","modified_gmt":"2017-01-16T12:04:41","slug":"poli-abre-inscricoes-para-mba-em-gestao-de-areas-contaminadas","status":"publish","type":"post","link":"https:\/\/migracao.redenoticia.com.br\/noticia\/2017\/poli-abre-inscricoes-para-mba-em-gestao-de-areas-contaminadas\/104583","title":{"rendered":"Poli abre inscri\u00e7\u00f5es para MBA em Gest\u00e3o de \u00c1reas Contaminadas"},"content":{"rendered":"<p> Ag\u00eancia FAPESP \u2013 O Instituto Nacional de Ci\u00eancia e Tecnologia de Estudos do Meio Ambiente do Departamento de Engenharia Qu\u00edmica da Escola Polit\u00e9cnica da Universidade de S\u00e3o Paulo (USP) est\u00e1 com as inscri\u00e7\u00f5es abertas para o curso <em><strong>MBA em Gest\u00e3o de \u00c1reas Contaminadas, Desenvolvimento Urbano Sustent\u00e1vel e Revitaliza\u00e7\u00e3o de Brownfields<\/strong><\/em>.<\/p>\n<p>O curso \u00e9 destinado a profissionais com forma\u00e7\u00e3o superior (engenheiros, tecn\u00f3logos, gestores p\u00fablicos), com interesse na \u00e1rea ambiental e interessados em aprofundar seus conhecimentos em quest\u00f5es relacionadas a \u00e1reas contaminadas e revitaliza\u00e7\u00e3o de brownfields\u00a0(terrenos que pode estar contaminados por baixas concentra\u00e7\u00f5es de lixo t\u00f3xico ou polui\u00e7\u00e3o e que t\u00eam potencial para serem reutilizados).<\/p>\n<p>O MBA ser\u00e1 ofertado a dist\u00e2ncia, com avalia\u00e7\u00f5es presenciais a serem realizadas em dois momentos ao logo do ano no campus de S\u00e3o Paulo. Haver\u00e1 duas aulas s\u00edncronas (por videoconfer\u00eancia) em cada disciplina, de acordo com o calend\u00e1rio que ser\u00e1 disponibilizado para os alunos.<\/p>\n<p>Com tempo de dura\u00e7\u00e3o de 360 horas de aula ao longo de 18 meses e 60 horas de monografia ao longo de seis meses, o curso \u00e9 composto por 20 disciplinas com videoaulas gravadas pelos docentes respons\u00e1veis, duas disciplinas on-line concomitantes, al\u00e9m de bibliografia recomendada e atividades como f\u00f3runs, chats e exerc\u00edcios propostos.<\/p>\n<p>As aulas ter\u00e3o in\u00edcio em 6 de mar\u00e7o. Inscri\u00e7\u00f5es em\u00a0.<\/p>\n<p>Mais informa\u00e7\u00f5es:\u00a0.<\/p>\n","protected":false},"excerpt":{"rendered":"<p>Ag\u00eancia FAPESP \u2013 O Instituto Nacional de Ci\u00eancia e Tecnologia de Estudos do Meio Ambiente do Departamento de Engenharia Qu\u00edmica da Escola Polit\u00e9cnica da Universidade de S\u00e3o Paulo (USP) est\u00e1 com as inscri\u00e7\u00f5es abertas para o curso MBA em Gest\u00e3o de \u00c1reas Contaminadas, Desenvolvimento Urbano Sustent\u00e1vel e Revitaliza\u00e7\u00e3o de Brownfields. O curso \u00e9 destinado a [&hellip;]<\/p>\n","protected":false},"author":2,"featured_media":34905,"comment_status":"open","ping_status":"closed","sticky":false,"template":"","format":"standard","meta":{"tdm_status":"","tdm_grid_status":"","footnotes":""},"categories":[22,370,353],"tags":[],"class_list":{"0":"post-104583","1":"post","2":"type-post","3":"status-publish","4":"format-standard","5":"has-post-thumbnail","7":"category-brasil","8":"category-inscricao","9":"category-oportunidades"},"_links":{"self":[{"href":"https:\/\/migracao.redenoticia.com.br\/noticia\/wp-json\/wp\/v2\/posts\/104583","targetHints":{"allow":["GET"]}}],"collection":[{"href":"https:\/\/migracao.redenoticia.com.br\/noticia\/wp-json\/wp\/v2\/posts"}],"about":[{"href":"https:\/\/migracao.redenoticia.com.br\/noticia\/wp-json\/wp\/v2\/types\/post"}],"author":[{"embeddable":true,"href":"https:\/\/migracao.redenoticia.com.br\/noticia\/wp-json\/wp\/v2\/users\/2"}],"replies":[{"embeddable":true,"href":"https:\/\/migracao.redenoticia.com.br\/noticia\/wp-json\/wp\/v2\/comments?post=104583"}],"version-history":[{"count":0,"href":"https:\/\/migracao.redenoticia.com.br\/noticia\/wp-json\/wp\/v2\/posts\/104583\/revisions"}],"wp:featuredmedia":[{"embeddable":true,"href":"https:\/\/migracao.redenoticia.com.br\/noticia\/wp-json\/wp\/v2\/media\/34905"}],"wp:attachment":[{"href":"https:\/\/migracao.redenoticia.com.br\/noticia\/wp-json\/wp\/v2\/media?parent=104583"}],"wp:term":[{"taxonomy":"category","embeddable":true,"href":"https:\/\/migracao.redenoticia.com.br\/noticia\/wp-json\/wp\/v2\/categories?post=104583"},{"taxonomy":"post_tag","embeddable":true,"href":"https:\/\/migracao.redenoticia.com.br\/noticia\/wp-json\/wp\/v2\/tags?post=104583"}],"curies":[{"name":"wp","href":"https:\/\/api.w.org\/{rel}","templated":true}]}}