{"id":104589,"date":"2017-01-17T01:07:10","date_gmt":"2017-01-17T03:07:10","guid":{"rendered":"http:\/\/www.redenoticia.com.br\/noticia\/?p=104589"},"modified":"2017-01-16T10:08:02","modified_gmt":"2017-01-16T12:08:02","slug":"paineis-solares-residenciais-associam-vantagens-economicas-a-sustentabilidade","status":"publish","type":"post","link":"https:\/\/migracao.redenoticia.com.br\/noticia\/2017\/paineis-solares-residenciais-associam-vantagens-economicas-a-sustentabilidade\/104589","title":{"rendered":"Pain\u00e9is solares residenciais associam vantagens econ\u00f4micas \u00e0 sustentabilidade"},"content":{"rendered":"<p> A instala\u00e7\u00e3o de pain\u00e9is residenciais de <strong><em>capta\u00e7\u00e3o de energia solar<\/em><\/strong> \u00e9 uma op\u00e7\u00e3o de investimento que permite economia na conta de luz e independ\u00eancia das distribuidoras de eletricidade. O sistema fica em R$ 16 mil, segundo a coordenadora da campanha de Energias Renov\u00e1veis da organiza\u00e7\u00e3o n\u00e3o governamental (ONG) Greenpeace, B\u00e1rbara Rubim.<\/p>\n<p>\u201c\u00c9 um valor alto, se a pessoa tiver que fazer esse investimento \u00e0 vista. Mas \u00e9 um investimento que vai se pagar em uma m\u00e9dia de sete anos e gerar retorno para a pessoa. \u00c9 um investimento que voc\u00ea est\u00e1 fazendo no seu im\u00f3vel\u201d, ressaltou B\u00e1rbara em entrevista \u00e0 Ag\u00eancia Brasil.<\/p>\n<p>Em 2015, a Ag\u00eancia Nacional de Energia El\u00e9trica (Aneel) estimava que at\u00e9 2024 poderiam ser instalados at\u00e9 620 mil pain\u00e9is voltaicos em telhados residenciais. Para a microgera\u00e7\u00e3o de consumidores comerciais, a proje\u00e7\u00e3o \u00e9 que os sistemas podem chegar a 82 mil equipamentos. Eles captam a luz solar e a transformam em eletricidade que abastece o im\u00f3vel. O excedente pode ser lan\u00e7ado na rede de distribui\u00e7\u00e3o e convertido em cr\u00e9ditos a serem abatidos da conta de luz do consumidor.<\/p>\n<p>Financiamento e incentivos<\/p>\n<p>A gera\u00e7\u00e3o individual de eletricidade pelo sol poderia ir ainda mais longe, segundo B\u00e1rbara, caso houvesse incentivos para quem quisesse usar essa op\u00e7\u00e3o. Entre as medidas que poderiam ser adotadas, a coordenadora da ONG aponta a cria\u00e7\u00e3o de linhas de financiamento espec\u00edficas.<\/p>\n<p>\u201cDurante anos, o governo federal subsidiou para que voc\u00ea pudesse ter at\u00e9 linha de financiamento com juros zero para a compra de ve\u00edculos novos. Se o governo fez isso para a compra de um carro que, querendo ou n\u00e3o, \u00e9 um bem que gera uma s\u00e9rie de externalidades negativas para a sociedade e que est\u00e1 sendo depreciado ano ap\u00f3s ano, n\u00e3o existe motivo de ele n\u00e3o ter uma pol\u00edtica semelhante para a energia solar\u201d, defendeu.<\/p>\n<p>Outro incentivo poss\u00edvel, de acordo com B\u00e1rbara, seria a libera\u00e7\u00e3o do saque do Fundo de Garantia do Tempo de Servi\u00e7o (FGTS) para a compra dos pain\u00e9is, como \u00e9 feito para compra e reforma de im\u00f3veis.<\/p>\n<p>Substitui\u00e7\u00e3o de fontes<\/p>\n<p>Com esse tipo de fomento, a coordenadora da ONG considera que o Brasil conseguiria chegar ao fim de 2020 com mais de 1 milh\u00e3o de sistemas instalados e com 8 milh\u00f5es no fim de 2030. Ela baseia a an\u00e1lise nos resultados obtidos em pa\u00edses como a Alemanha, que tem atualmente 8 milh\u00f5es de resid\u00eancias microgeradoras, e o estado norte-americano da Calif\u00f3rnia, com 1 milh\u00e3o de sistemas instalados.<\/p>\n<p>\u201cA gente conseguiria substituir duas vezes, se chegasse nesses 8 milh\u00f5es, a previs\u00e3o de gera\u00e7\u00e3o do complexo hidrel\u00e9trico de Tapajos\u201d, compara B\u00e1rbara em refer\u00eancia ao projeto da Usina Hidrel\u00e9trica S\u00e3o Luiz do Tapaj\u00f3s, no Par\u00e1. Em agosto do ano passado, o governo federal desistiu do projeto, pois n\u00e3o conseguiu as licen\u00e7as ambientais necess\u00e1rias. O empreendimento tamb\u00e9m alagaria tr\u00eas aldeias do povo Munduruku, na Terra Ind\u00edgena Sawr\u00e9 Muybu.<\/p>\n<p>Economia e sustentabilidade<\/p>\n<p>Foi justamente a preocupa\u00e7\u00e3o ambiental que motivou a consultora em biotecnologia Luciana Di Ciero a instalar, h\u00e1 um ano, um sistema de pain\u00e9is em sua resid\u00eancia em Campinas, no interior paulista. \u201c\u00c9 claro que \u00e9 super interessante ter uma economia. Mas, para mim, o principal foi a quest\u00e3o de sustentabilidade, de usar uma energia renov\u00e1vel. Eu acho que o caminho do mundo \u00e9 esse\u201d, afirma sobre o equipamento que reduziu de R$ 400 para R$ 60 a conta de luz da fam\u00edlia de quatro pessoas.<\/p>\n<p>Luciana conta que o sucesso da instala\u00e7\u00e3o atraiu a aten\u00e7\u00e3o dos vizinhos. \u201cMuita gente veio aqui olhar\u201d. Pelo menos um deles tamb\u00e9m comprou o equipamento ap\u00f3s visit\u00e1-la. A consultora acredita, no entanto, que deveria haver incentivos para quem quer adotar a tecnologia. \u201cEu moro em um condom\u00ednio de classe m\u00e9dia alta, \u00e9 diferente. Agora, um incentivo para colocar em comunidades carentes, em conjuntos populares, isso o Brasil deveria fazer. Acho que estamos muito atrasados\u201d, diz.<\/p>\n<p>Tamb\u00e9m no interior de S\u00e3o Paulo, a dentista Fernanda Morra considera que o sistema foi uma boa maneira de investir. \u201cEu acho a nossa energia muito cara. Eu tenho sol quase os 365 dias do ano, porque moro em Holambra. Acho que \u00e9 um investimento para a minha casa, daqui a um, dois ou tr\u00eas anos eu n\u00e3o tenho mais esse custo\u201d. O equipamento abastece a resid\u00eancia de Fernanda e o consult\u00f3rio, que divide o im\u00f3vel.<\/p>\n<p>Apesar de destacar as vantagens econ\u00f4micas e pr\u00e1ticas, como n\u00e3o depender das concession\u00e1rias de energia, a dentista tamb\u00e9m fez a instala\u00e7\u00e3o preocupada com o meio ambiente. \u201cEu tento ser o mais sustent\u00e1vel que posso\u201d, acrescenta.<\/p>\n<p>Daniel Mello &#8211; Rep\u00f3rter da Ag\u00eancia Brasil<br \/>\nEdi\u00e7\u00e3o: Augusto Queiroz<br \/>\n17\/01\/2017<\/p>\n","protected":false},"excerpt":{"rendered":"<p>A instala\u00e7\u00e3o de pain\u00e9is residenciais de capta\u00e7\u00e3o de energia solar \u00e9 uma op\u00e7\u00e3o de investimento que permite economia na conta de luz e independ\u00eancia das distribuidoras de eletricidade. O sistema fica em R$ 16 mil, segundo a coordenadora da campanha de Energias Renov\u00e1veis da organiza\u00e7\u00e3o n\u00e3o governamental (ONG) Greenpeace, B\u00e1rbara Rubim. \u201c\u00c9 um valor alto, [&hellip;]<\/p>\n","protected":false},"author":2,"featured_media":57585,"comment_status":"open","ping_status":"closed","sticky":false,"template":"","format":"standard","meta":{"tdm_status":"","tdm_grid_status":"","footnotes":""},"categories":[22,7],"tags":[],"class_list":{"0":"post-104589","1":"post","2":"type-post","3":"status-publish","4":"format-standard","5":"has-post-thumbnail","7":"category-brasil","8":"category-economia"},"_links":{"self":[{"href":"https:\/\/migracao.redenoticia.com.br\/noticia\/wp-json\/wp\/v2\/posts\/104589","targetHints":{"allow":["GET"]}}],"collection":[{"href":"https:\/\/migracao.redenoticia.com.br\/noticia\/wp-json\/wp\/v2\/posts"}],"about":[{"href":"https:\/\/migracao.redenoticia.com.br\/noticia\/wp-json\/wp\/v2\/types\/post"}],"author":[{"embeddable":true,"href":"https:\/\/migracao.redenoticia.com.br\/noticia\/wp-json\/wp\/v2\/users\/2"}],"replies":[{"embeddable":true,"href":"https:\/\/migracao.redenoticia.com.br\/noticia\/wp-json\/wp\/v2\/comments?post=104589"}],"version-history":[{"count":0,"href":"https:\/\/migracao.redenoticia.com.br\/noticia\/wp-json\/wp\/v2\/posts\/104589\/revisions"}],"wp:featuredmedia":[{"embeddable":true,"href":"https:\/\/migracao.redenoticia.com.br\/noticia\/wp-json\/wp\/v2\/media\/57585"}],"wp:attachment":[{"href":"https:\/\/migracao.redenoticia.com.br\/noticia\/wp-json\/wp\/v2\/media?parent=104589"}],"wp:term":[{"taxonomy":"category","embeddable":true,"href":"https:\/\/migracao.redenoticia.com.br\/noticia\/wp-json\/wp\/v2\/categories?post=104589"},{"taxonomy":"post_tag","embeddable":true,"href":"https:\/\/migracao.redenoticia.com.br\/noticia\/wp-json\/wp\/v2\/tags?post=104589"}],"curies":[{"name":"wp","href":"https:\/\/api.w.org\/{rel}","templated":true}]}}