{"id":104623,"date":"2017-01-16T18:05:26","date_gmt":"2017-01-16T20:05:26","guid":{"rendered":"http:\/\/www.redenoticia.com.br\/noticia\/?p=104623"},"modified":"2017-01-16T20:53:42","modified_gmt":"2017-01-16T22:53:42","slug":"novela-malhacao-resumo-1701-stella-ameaca-romper-sociedade","status":"publish","type":"post","link":"https:\/\/migracao.redenoticia.com.br\/noticia\/2017\/novela-malhacao-resumo-1701-stella-ameaca-romper-sociedade\/104623","title":{"rendered":"Novela \u201cMalha\u00e7\u00e3o\u201d resumo 17\/01: Stella amea\u00e7a romper sociedade"},"content":{"rendered":"<p><img loading=\"lazy\" decoding=\"async\" class=\"alignleft size-thumbnail wp-image-91715\" src=\"https:\/\/migracao.redenoticia.com.br\/noticia\/imagens\/malhacao_pro_dia_nascer_feliz_resumo_novela-150x112.jpg\" alt=\"malhacao_pro_dia_nascer_feliz_resumo_novela\" width=\"150\" height=\"112\" srcset=\"https:\/\/migracao.redenoticia.com.br\/noticia\/imagens\/malhacao_pro_dia_nascer_feliz_resumo_novela-150x112.jpg 150w, https:\/\/migracao.redenoticia.com.br\/noticia\/imagens\/malhacao_pro_dia_nascer_feliz_resumo_novela-265x198.jpg 265w\" sizes=\"auto, (max-width: 150px) 100vw, 150px\" \/><strong><em>Novela \u201cMalha\u00e7\u00e3o\u201d resumo 17\/01<\/em><\/strong>:\u00a0B\u00e1rbara explica a Clara o plano contra Joana. Ent\u00e3o, Clara arma contra Joana e J\u00fanior e diz a Stella que o rapaz saiu com L\u00e9o da academia. Stella se desespera por n\u00e3o conseguir falar com L\u00e9o e Joana estranha. Depois, Stella exige que J\u00fanior se afaste de L\u00e9o. Quando B\u00e1rbara retorna, Stella fala sobre as atitudes de Joana durante sua aus\u00eancia na academia. Mais tarde, Stella amea\u00e7a romper a sociedade entre Mauro e Ricardo, caso o empres\u00e1rio continue a apoiar Joana.<\/p>\n<p>No cap\u00edtulo 107 (*), novela \u201cMalha\u00e7\u00e3o\u201d, ter\u00e7a-feira, 17 de janeiro \u2013 Stella se desespera por n\u00e3o conseguir falar com L\u00e9o e Joana estranha a falta de contato de J\u00fanior.<\/p>\n<p>Belinha retira seu nome do abaixo-assinado pela perman\u00eancia de Alisson na academia. Stella exige que J\u00fanior se afaste de L\u00e9o. Alisson adiciona Artur a seu grupo de malha\u00e7\u00e3o.<\/p>\n<p>Stella fala com B\u00e1rbara sobre as atitudes de Joana durante sua aus\u00eancia na academia. Martinha questiona a preocupa\u00e7\u00e3o de Jab\u00e1 com seu filho na frente de Juliana. Stella amea\u00e7a romper a sociedade entre Mauro e Ricardo, caso o empres\u00e1rio continue apoiando Joana.<\/p>\n<p>(*) edi\u00e7\u00e3o da Rede Globo, Novela \u201cMalha\u00e7\u00e3o\u201d, sujeito a altera\u00e7\u00e3o de data e conte\u00fado.<\/p>\n","protected":false},"excerpt":{"rendered":"<p>Novela \u201cMalha\u00e7\u00e3o\u201d resumo 17\/01:\u00a0B\u00e1rbara explica a Clara o plano contra Joana. Ent\u00e3o, Clara arma contra Joana e J\u00fanior e diz a Stella que o rapaz saiu com L\u00e9o da academia. Stella se desespera por n\u00e3o conseguir falar com L\u00e9o e Joana estranha. Depois, Stella exige que J\u00fanior se afaste de L\u00e9o. Quando B\u00e1rbara retorna, Stella [&hellip;]<\/p>\n","protected":false},"author":4,"featured_media":91715,"comment_status":"open","ping_status":"closed","sticky":false,"template":"","format":"standard","meta":{"tdm_status":"","tdm_grid_status":"","footnotes":""},"categories":[447,379,375,343],"tags":[441],"class_list":{"0":"post-104623","1":"post","2":"type-post","3":"status-publish","4":"format-standard","5":"has-post-thumbnail","7":"category-malhacao","8":"category-novelas","9":"category-rede-globo","10":"category-televisao","11":"tag-resumo-do-dia"},"_links":{"self":[{"href":"https:\/\/migracao.redenoticia.com.br\/noticia\/wp-json\/wp\/v2\/posts\/104623","targetHints":{"allow":["GET"]}}],"collection":[{"href":"https:\/\/migracao.redenoticia.com.br\/noticia\/wp-json\/wp\/v2\/posts"}],"about":[{"href":"https:\/\/migracao.redenoticia.com.br\/noticia\/wp-json\/wp\/v2\/types\/post"}],"author":[{"embeddable":true,"href":"https:\/\/migracao.redenoticia.com.br\/noticia\/wp-json\/wp\/v2\/users\/4"}],"replies":[{"embeddable":true,"href":"https:\/\/migracao.redenoticia.com.br\/noticia\/wp-json\/wp\/v2\/comments?post=104623"}],"version-history":[{"count":0,"href":"https:\/\/migracao.redenoticia.com.br\/noticia\/wp-json\/wp\/v2\/posts\/104623\/revisions"}],"wp:featuredmedia":[{"embeddable":true,"href":"https:\/\/migracao.redenoticia.com.br\/noticia\/wp-json\/wp\/v2\/media\/91715"}],"wp:attachment":[{"href":"https:\/\/migracao.redenoticia.com.br\/noticia\/wp-json\/wp\/v2\/media?parent=104623"}],"wp:term":[{"taxonomy":"category","embeddable":true,"href":"https:\/\/migracao.redenoticia.com.br\/noticia\/wp-json\/wp\/v2\/categories?post=104623"},{"taxonomy":"post_tag","embeddable":true,"href":"https:\/\/migracao.redenoticia.com.br\/noticia\/wp-json\/wp\/v2\/tags?post=104623"}],"curies":[{"name":"wp","href":"https:\/\/api.w.org\/{rel}","templated":true}]}}