{"id":104774,"date":"2017-01-18T18:05:33","date_gmt":"2017-01-18T20:05:33","guid":{"rendered":"http:\/\/www.redenoticia.com.br\/noticia\/?p=104774"},"modified":"2017-01-18T18:10:40","modified_gmt":"2017-01-18T20:10:40","slug":"novela-malhacao-resumo-1901-stella-pede-desculpa-para-joana-e-junior","status":"publish","type":"post","link":"https:\/\/migracao.redenoticia.com.br\/noticia\/2017\/novela-malhacao-resumo-1901-stella-pede-desculpa-para-joana-e-junior\/104774","title":{"rendered":"Novela \u201cMalha\u00e7\u00e3o\u201d resumo 19\/01: Stella pede desculpa para Joana e J\u00fanior"},"content":{"rendered":"<p><img loading=\"lazy\" decoding=\"async\" class=\"alignleft size-thumbnail wp-image-91715\" src=\"https:\/\/migracao.redenoticia.com.br\/noticia\/imagens\/malhacao_pro_dia_nascer_feliz_resumo_novela-150x112.jpg\" alt=\"malhacao_pro_dia_nascer_feliz_resumo_novela\" width=\"150\" height=\"112\" srcset=\"https:\/\/migracao.redenoticia.com.br\/noticia\/imagens\/malhacao_pro_dia_nascer_feliz_resumo_novela-150x112.jpg 150w, https:\/\/migracao.redenoticia.com.br\/noticia\/imagens\/malhacao_pro_dia_nascer_feliz_resumo_novela-265x198.jpg 265w\" sizes=\"auto, (max-width: 150px) 100vw, 150px\" \/><strong><em>Novela \u201cMalha\u00e7\u00e3o\u201d resumo 19\/01<\/em><\/strong>:\u00a0Joana procura Stella e Mauro para falar sobre L\u00e9o. Ela diz que o garoto melhorou ap\u00f3s frequentar a academia e sugere que Mauro procure Andrea. Depois, Mauro revela a Joana que L\u00e9o n\u00e3o vai precisar de cirurgia. Joana insinua a Mauro que J\u00f9nior pode entrar na Justi\u00e7a contra Stella, ap\u00f3s todas as inj\u00farias que ela cometeu com o rapaz. Ent\u00e3o, Mauro decide manter a sociedade com Ricardo e faz com que Stella pe\u00e7a desculpa a Joana e J\u00fanior. Mauro insiste para que Joana permane\u00e7a na academia e esta desiste de voltar para Morro Branco.<\/p>\n<p>No cap\u00edtulo 109 (*), novela \u201cMalha\u00e7\u00e3o\u201d, quinta-feira, 19 de janeiro \u2013 Joana insiste que L\u00e9o melhorou ap\u00f3s frequentar a academia e sugere que Mauro procure Andrea. Jab\u00e1, Juliana, J\u00fanior e Lucas convencem Martinha a voltar para a escola.<\/p>\n<p>Mauro revela a Joana que L\u00e9o n\u00e3o precisar\u00e1 de cirurgia. Joana insinua que J\u00fanior pode entrar na Justi\u00e7a contra Stella. Mauro decide manter a sociedade com Ricardo. A pedido de R\u00f4mulo, Krica e Cleyton despejam Clara.<\/p>\n<p>Stella pede desculpas a Joana e J\u00fanior, e Mauro insiste para que a menina permane\u00e7a na academia. Joana desiste de voltar para Morro Branco. Gabriel revela a Giovane sobre o torneio de v\u00f4lei que definir\u00e1 quem \u00e9 o \u2018Rei da Praia\u2019.<\/p>\n<p>(*) edi\u00e7\u00e3o da Rede Globo, Novela \u201cMalha\u00e7\u00e3o\u201d, sujeito a altera\u00e7\u00e3o de data e conte\u00fado.<\/p>\n","protected":false},"excerpt":{"rendered":"<p>Novela \u201cMalha\u00e7\u00e3o\u201d resumo 19\/01:\u00a0Joana procura Stella e Mauro para falar sobre L\u00e9o. Ela diz que o garoto melhorou ap\u00f3s frequentar a academia e sugere que Mauro procure Andrea. Depois, Mauro revela a Joana que L\u00e9o n\u00e3o vai precisar de cirurgia. Joana insinua a Mauro que J\u00f9nior pode entrar na Justi\u00e7a contra Stella, ap\u00f3s todas as [&hellip;]<\/p>\n","protected":false},"author":4,"featured_media":91715,"comment_status":"open","ping_status":"closed","sticky":false,"template":"","format":"standard","meta":{"tdm_status":"","tdm_grid_status":"","footnotes":""},"categories":[447,379,375,343],"tags":[441],"class_list":{"0":"post-104774","1":"post","2":"type-post","3":"status-publish","4":"format-standard","5":"has-post-thumbnail","7":"category-malhacao","8":"category-novelas","9":"category-rede-globo","10":"category-televisao","11":"tag-resumo-do-dia"},"_links":{"self":[{"href":"https:\/\/migracao.redenoticia.com.br\/noticia\/wp-json\/wp\/v2\/posts\/104774","targetHints":{"allow":["GET"]}}],"collection":[{"href":"https:\/\/migracao.redenoticia.com.br\/noticia\/wp-json\/wp\/v2\/posts"}],"about":[{"href":"https:\/\/migracao.redenoticia.com.br\/noticia\/wp-json\/wp\/v2\/types\/post"}],"author":[{"embeddable":true,"href":"https:\/\/migracao.redenoticia.com.br\/noticia\/wp-json\/wp\/v2\/users\/4"}],"replies":[{"embeddable":true,"href":"https:\/\/migracao.redenoticia.com.br\/noticia\/wp-json\/wp\/v2\/comments?post=104774"}],"version-history":[{"count":0,"href":"https:\/\/migracao.redenoticia.com.br\/noticia\/wp-json\/wp\/v2\/posts\/104774\/revisions"}],"wp:featuredmedia":[{"embeddable":true,"href":"https:\/\/migracao.redenoticia.com.br\/noticia\/wp-json\/wp\/v2\/media\/91715"}],"wp:attachment":[{"href":"https:\/\/migracao.redenoticia.com.br\/noticia\/wp-json\/wp\/v2\/media?parent=104774"}],"wp:term":[{"taxonomy":"category","embeddable":true,"href":"https:\/\/migracao.redenoticia.com.br\/noticia\/wp-json\/wp\/v2\/categories?post=104774"},{"taxonomy":"post_tag","embeddable":true,"href":"https:\/\/migracao.redenoticia.com.br\/noticia\/wp-json\/wp\/v2\/tags?post=104774"}],"curies":[{"name":"wp","href":"https:\/\/api.w.org\/{rel}","templated":true}]}}