{"id":10478,"date":"2009-09-02T14:27:28","date_gmt":"2009-09-02T18:27:28","guid":{"rendered":"http:\/\/www.redenoticia.com.br\/noticia\/?p=10478"},"modified":"2009-09-02T14:27:28","modified_gmt":"2009-09-02T18:27:28","slug":"climatempo-preve-que-fim-de-semana-sera-de-chuva-no-centro-sul-do-brasil","status":"publish","type":"post","link":"https:\/\/migracao.redenoticia.com.br\/noticia\/2009\/climatempo-preve-que-fim-de-semana-sera-de-chuva-no-centro-sul-do-brasil\/10478","title":{"rendered":"Climatempo prev\u00ea que fim de semana ser\u00e1 de chuva no centro-sul do Brasil"},"content":{"rendered":"<p><strong><a href=\"https:\/\/migracao.redenoticia.com.br\/noticia\/imagens\/\/clima0109.jpg\"><img loading=\"lazy\" decoding=\"async\" class=\"alignleft size-full wp-image-10359\" title=\"clima0109\" src=\"https:\/\/migracao.redenoticia.com.br\/noticia\/imagens\/\/clima0109.jpg\" alt=\"clima0109\" width=\"150\" height=\"113\" srcset=\"https:\/\/migracao.redenoticia.com.br\/noticia\/imagens\/clima0109.jpg 150w, https:\/\/migracao.redenoticia.com.br\/noticia\/imagens\/clima0109-148x112.jpg 148w\" sizes=\"auto, (max-width: 150px) 100vw, 150px\" \/><\/a>Climatempo<\/strong> alerta para a ocorr\u00eancia de temporais nos tr\u00eas estados do Sul. A frente fria que estava prevista pelos meteorologistas da Climatempo para o feriado de 7 de setembro avan\u00e7a sobre o Sul do Pa\u00eds provocando chuva no Rio Grande do Sul, em Santa Catarina e no Paran\u00e1. Nesta quarta-feira, o ar polar que acompanha a frente fria provoca queda de temperatura no Rio Grande do Sul. Nos demais Estados do Pa\u00eds, o tempo segue firme com chuvas isoladas, especialmente em \u00e1reas das regi\u00f5es Norte, Nordeste e Centro-Oeste.<\/p>\n<p>Uma forte massa de ar seco e quente ainda deixa o tempo ensolarado, com calor e baixa umidade \u00e0 tarde no Sudeste do Brasil. A tarde de hoje ser\u00e1 quente em S\u00e3o Paulo e no Rio de Janeiro. Na capital paulista, a temperatura chega a 31\u00b0C; no Rio, a temperatura m\u00e1xima ser\u00e1 de 36\u00b0C.<\/p>\n<p><strong> Rio Grande do Sul<\/strong>: alerta de temporais at\u00e9 a quinta-feira. Predom\u00ednio de sol e frio no fim de semana prolongado.<\/p>\n<p><strong> Santa Catarina<\/strong>: risco de chuva e vento fortes entre hoje e amanh\u00e3 com forte queda de temperatura a partir desta quinta-feira. Predom\u00ednio de sol e frio baixa temperatura na sexta e no s\u00e1bado. Muita umidade e chuva no vale do Itaja\u00ed durante o fim de semana.<\/p>\n<p><strong> Paran\u00e1<\/strong>: a chuva come\u00e7a a se espalhar pelo Estado na quarta-feira, podendo ser forte e com ventania at\u00e9 o s\u00e1bado. Mas a temperatura s\u00f3 come\u00e7a a despencar mesmo na quinta-feira; chuva e frio pelo menos at\u00e9 s\u00e1bado e mais chuva no feriado de 7 de setembro, por influ\u00eancia de outra frente fria.<\/p>\n<p><strong> S\u00e3o Paulo<\/strong>: a chuva vai trazer um refresco para os paulistas nos pr\u00f3ximos dias. Ela chega nesta quinta-feira \u00e0 noite e vai persistir por quase todo o fim de semana, per\u00edodo em que a temperatura cai bastante. O sol aparece no feriado de 7 de setembro, a temperatura sobe um pouco, mas ainda pode chover a partir da tarde.<\/p>\n<p><strong> Rio de Janeiro<\/strong>: o Estado do Rio tamb\u00e9m ser\u00e1 alvo de uma nova frente fria no fim da semana. As pancadas de chuva come\u00e7am somente na tarde de sexta-feira e, at\u00e9 l\u00e1, o calor s\u00f3 aumenta. Mas no fim de semana, a chuva domina o cen\u00e1rio, principalmente no s\u00e1bado, e a temperatura tem forte queda. O sol deve aparecer no dia 7 de setembro.<\/p>\n<p><strong> Minas Gerais<\/strong>: fim de semana prolongado com sol, calor e sem chuva s\u00f3 nas cidades do norte do Estado e do vale do Jequitinhonha. O Vale do Rio Doce ter\u00e1 sol, mas com pancadas de chuva a partir da tarde do s\u00e1bado. Em Belo Horizonte e nas outras regi\u00f5es mineiras deve ocorrer um grande aumento de nuvens e pancadas de chuva a partir da tarde de sexta-feira, com a chegada da nova frente fria. A temperatura cai no fim de semana no sul de Minas e na zona da mata. Em Belo Horizonte, a sensa\u00e7\u00e3o ainda ser\u00e1 de ar quente e abafado.<\/p>\n<p><strong> Esp\u00edrito Santo<\/strong>: o tempo muda durante \u00e0 tarde do s\u00e1bado com a entrada da frente fria no Estado. O domingo ainda ser\u00e1 com muitas nuvens e condi\u00e7\u00f5es de chuva, mas o sol deve predominar no dia 7 de setembro.<\/p>\n<p><strong> Mato Grosso do Sul<\/strong>: a mudan\u00e7a no tempo tamb\u00e9m ser\u00e1 grande, por conta da passagem da nova frente fria. Pode chover e ventar forte na quinta-feira e a temperatura cai bastante a partir de sexta. O fim de semana ter\u00e1 predom\u00ednio de muitas nuvens e chuva, com per\u00edodos de sol no domingo. Volta a chover no feriado, especialmente a partir da tarde.<\/p>\n<p><strong> Mato Grosso<\/strong>: a maioria das \u00e1reas do estado ter\u00e1 sol, calor e pancadas de chuva no fim de semana prolongado. Em Cuiab\u00e1 e em toda a regi\u00e3o do pantanal, a temperatura cai muito na sexta-feira com a entrada de ventos frios polares. A chuva persiste no s\u00e1bado e ainda vai ocorrer no domingo e no feriado de 7 de setembro, mas j\u00e1 com per\u00edodos de sol.<\/p>\n<p><strong> Goi\u00e1s<\/strong>: pancadas de chuva em Goi\u00e2nia e no centro-sul do Estado a partir da tarde de sexta-feira. O tempo n\u00e3o fecha no fim de semana prolongado. Faz calor, devem ocorrer v\u00e1rias pancadas a partir da tarde at\u00e9 o feriado do dia 7.<\/p>\n<p><strong> Bras\u00edlia<\/strong>: a capital federal vai passar o fim de semana prolongado com sol e calor. A nebulosidade aumenta no domingo e no feriado do dia 7 de setembro, mas a chance de chuva \u00e9 baixa.<\/p>\n<p>Sobre o Grupo <strong>Climatempo &#8211;\u00a0<\/strong>O Grupo Climatempo \u00e9 a maior empresa privada de meteorologia do pa\u00eds. Uma holding formada pela Climatempo Consultoria, Ag\u00eancia Climatempo, a TV Climatempo e a CLIMANET (Internet, servi\u00e7os de tecnologia e inform\u00e1tica). Atualmente, o Grupo Climatempo fornece conte\u00fado para os principais portais do pa\u00eds, mais de 50 retransmissoras de televis\u00e3o do Brasil, r\u00e1dios e tem cerca de mil clientes. Os dois principais segmentos atendidos s\u00e3o o de agroneg\u00f3cios e meios de comunica\u00e7\u00e3o. Al\u00e9m destes, fornece conte\u00fado meteorol\u00f3gico estrat\u00e9gico para produtoras, a ind\u00fastria eletroeletr\u00f4nica e t\u00eaxtil, com\u00e9rcio, moda e turismo, constru\u00e7\u00e3o civil, setor de energia, entre outros setores.<\/p>\n<p>O Grupo \u00e9 presidido pelo meteorologista Carlos Magno, um dos primeiros comunicadores da profiss\u00e3o no Pa\u00eds, com mais de 23 anos de carreira, que ajudou a mudar a cultura que o brasileiro tinha sobre a meteorologia. O Grupo Climatempo conta ainda com Ana L\u00facia Frony vice-presidente, Renato Urbinder, s\u00f3cio-diretor (Diretor de Neg\u00f3cios e Projetos Especiais), e os diretores executivos Gilca Palma (Climatempo Meteorologia), Andr\u00e9 Madeira (Ag\u00eancia Climatempo) e o jornalista Paulo Polli (TV Climatempo) no Conselho Consultivo.<\/p>\n","protected":false},"excerpt":{"rendered":"<p>Climatempo alerta para a ocorr\u00eancia de temporais nos tr\u00eas estados do Sul. A frente fria que estava prevista pelos meteorologistas da Climatempo para o feriado de 7 de setembro avan\u00e7a sobre o Sul do Pa\u00eds provocando chuva no Rio Grande do Sul, em Santa Catarina e no Paran\u00e1. Nesta quarta-feira, o ar polar que acompanha [&hellip;]<\/p>\n","protected":false},"author":3,"featured_media":0,"comment_status":"open","ping_status":"open","sticky":false,"template":"","format":"standard","meta":{"tdm_status":"","tdm_grid_status":"","footnotes":""},"categories":[22,327],"tags":[],"class_list":{"0":"post-10478","1":"post","2":"type-post","3":"status-publish","4":"format-standard","6":"category-brasil","7":"category-clima"},"_links":{"self":[{"href":"https:\/\/migracao.redenoticia.com.br\/noticia\/wp-json\/wp\/v2\/posts\/10478","targetHints":{"allow":["GET"]}}],"collection":[{"href":"https:\/\/migracao.redenoticia.com.br\/noticia\/wp-json\/wp\/v2\/posts"}],"about":[{"href":"https:\/\/migracao.redenoticia.com.br\/noticia\/wp-json\/wp\/v2\/types\/post"}],"author":[{"embeddable":true,"href":"https:\/\/migracao.redenoticia.com.br\/noticia\/wp-json\/wp\/v2\/users\/3"}],"replies":[{"embeddable":true,"href":"https:\/\/migracao.redenoticia.com.br\/noticia\/wp-json\/wp\/v2\/comments?post=10478"}],"version-history":[{"count":0,"href":"https:\/\/migracao.redenoticia.com.br\/noticia\/wp-json\/wp\/v2\/posts\/10478\/revisions"}],"wp:attachment":[{"href":"https:\/\/migracao.redenoticia.com.br\/noticia\/wp-json\/wp\/v2\/media?parent=10478"}],"wp:term":[{"taxonomy":"category","embeddable":true,"href":"https:\/\/migracao.redenoticia.com.br\/noticia\/wp-json\/wp\/v2\/categories?post=10478"},{"taxonomy":"post_tag","embeddable":true,"href":"https:\/\/migracao.redenoticia.com.br\/noticia\/wp-json\/wp\/v2\/tags?post=10478"}],"curies":[{"name":"wp","href":"https:\/\/api.w.org\/{rel}","templated":true}]}}