{"id":104780,"date":"2017-01-18T20:25:31","date_gmt":"2017-01-18T22:25:31","guid":{"rendered":"http:\/\/www.redenoticia.com.br\/noticia\/?p=104780"},"modified":"2017-01-18T18:19:23","modified_gmt":"2017-01-18T20:19:23","slug":"novela-carinha-de-anjo-resumo-1901-gustavo-nao-se-conforma-com-a-transferencia-de-cecilia","status":"publish","type":"post","link":"https:\/\/migracao.redenoticia.com.br\/noticia\/2017\/novela-carinha-de-anjo-resumo-1901-gustavo-nao-se-conforma-com-a-transferencia-de-cecilia\/104780","title":{"rendered":"Novela \u201cCarinha de Anjo\u201d resumo 19\/01: Gustavo sofre com a transfer\u00eancia de Cec\u00edlia"},"content":{"rendered":"<p><img loading=\"lazy\" decoding=\"async\" class=\"alignleft size-thumbnail wp-image-99331\" src=\"https:\/\/migracao.redenoticia.com.br\/noticia\/imagens\/carinha_de_anjo_sbt_novela_resumo_capitulo-150x112.jpg\" alt=\"carinha_de_anjo_sbt_novela_resumo_capitulo\" width=\"150\" height=\"112\" srcset=\"https:\/\/migracao.redenoticia.com.br\/noticia\/imagens\/carinha_de_anjo_sbt_novela_resumo_capitulo-150x112.jpg 150w, https:\/\/migracao.redenoticia.com.br\/noticia\/imagens\/carinha_de_anjo_sbt_novela_resumo_capitulo-265x198.jpg 265w\" sizes=\"auto, (max-width: 150px) 100vw, 150px\" \/><strong><em>Novela \u201cCarinha de Anjo\u201d resumo 19\/01<\/em><\/strong>:\u00a0Estef\u00e2nia conta a Gustavo que Dulce organizou uma manifesta\u00e7\u00e3o em apoio a Irm\u00e3 Cec\u00edlia. Padre Gabriel diz a Gustavo que ele \u00e9 o motivo que fez Cec\u00edlia ir para longe. No dia seguinte, Madre Superiora diz a Cec\u00edlia que vai ser muito dif\u00edcil v\u00ea-la ir embora. Gustavo vai ao orfanato e diz a Madre Superiora que Cec\u00edlia \u00e9 uma refer\u00eancia para sua filha e ela diz se questionar se Gustavo est\u00e1 a pensar em sua filha ou em si mesmo. Mais tarde, Gustavo chega nervoso ao escrit\u00f3rio e diz a Crist\u00f3v\u00e3o que n\u00e3o se conforma com a transfer\u00eancia de Cec\u00edlia. <\/p>\n<p>No cap\u00edtulo 044(*), novela \u201cCarinha de Anjo\u201d, quinta-feira, 19 de janeiro \u2013 Emilio tenta ler uma not\u00edcia no tablet e pede que sua m\u00e3e o ajude. A not\u00edcia fala sobre Fl\u00e1vio ter sa\u00eddo da pris\u00e3o. Estef\u00e2nia conta a Gustavo que Dulce organizou uma manifesta\u00e7\u00e3o em apoio a Irm\u00e3 Cec\u00edlia. Padre Gabriel diz a Gustavo que ele \u00e9 o motivo que fez Cec\u00edlia ir pra longe.<\/p>\n<p>Rosana pede que Emilio n\u00e3o conte pra ningu\u00e9m que ele tirou a foto do laptop de Fl\u00e1vio. Dulce sonha com Teresa e diz que gostaria de ajudar Cec\u00edlia. Teresa diz que os adultos s\u00e3o respons\u00e1veis por suas pr\u00f3prias vidas. Haydee diz a Nicole que se aproximar\u00e1 do delegado para que Fl\u00e1vio n\u00e3o volte pra cadeia. Madre Superiora diz a Cec\u00edlia que ser\u00e1 muito dif\u00edcil v\u00ea-la ir embora.<\/p>\n<p>Gustavo vai ao orfanato e diz a Madre Superiora que Cec\u00edlia \u00e9 uma refer\u00eancia pra sua filha. A Madre diz se questionar se Gustavo est\u00e1 pensando em sua filha ou em si mesmo. Diana conta a Cec\u00edlia que Nicole procurou por ela. Rosana aceita sair para jantar com o delegado. Haydee vai visitar o delegado e come\u00e7a a mim\u00e1-lo. Ele se esquiva. Gustavo chega nervoso ao escrit\u00f3rio. Gustavo diz a Crist\u00f3v\u00e3o que n\u00e3o se conforma com a transfer\u00eancia de Cec\u00edlia.<\/p>\n<p>(*) edi\u00e7\u00e3o do SBT, Novela \u201cCarinha de Anjo\u201d, sujeito a altera\u00e7\u00e3o de data e conte\u00fado.<\/p>\n","protected":false},"excerpt":{"rendered":"<p>Novela \u201cCarinha de Anjo\u201d resumo 19\/01:\u00a0Estef\u00e2nia conta a Gustavo que Dulce organizou uma manifesta\u00e7\u00e3o em apoio a Irm\u00e3 Cec\u00edlia. Padre Gabriel diz a Gustavo que ele \u00e9 o motivo que fez Cec\u00edlia ir para longe. No dia seguinte, Madre Superiora diz a Cec\u00edlia que vai ser muito dif\u00edcil v\u00ea-la ir embora. Gustavo vai ao orfanato [&hellip;]<\/p>\n","protected":false},"author":4,"featured_media":99331,"comment_status":"open","ping_status":"closed","sticky":false,"template":"","format":"standard","meta":{"tdm_status":"","tdm_grid_status":"","footnotes":""},"categories":[452,379,372,343],"tags":[441],"class_list":{"0":"post-104780","1":"post","2":"type-post","3":"status-publish","4":"format-standard","5":"has-post-thumbnail","7":"category-carinha-de-anjo","8":"category-novelas","9":"category-sbt","10":"category-televisao","11":"tag-resumo-do-dia"},"_links":{"self":[{"href":"https:\/\/migracao.redenoticia.com.br\/noticia\/wp-json\/wp\/v2\/posts\/104780","targetHints":{"allow":["GET"]}}],"collection":[{"href":"https:\/\/migracao.redenoticia.com.br\/noticia\/wp-json\/wp\/v2\/posts"}],"about":[{"href":"https:\/\/migracao.redenoticia.com.br\/noticia\/wp-json\/wp\/v2\/types\/post"}],"author":[{"embeddable":true,"href":"https:\/\/migracao.redenoticia.com.br\/noticia\/wp-json\/wp\/v2\/users\/4"}],"replies":[{"embeddable":true,"href":"https:\/\/migracao.redenoticia.com.br\/noticia\/wp-json\/wp\/v2\/comments?post=104780"}],"version-history":[{"count":0,"href":"https:\/\/migracao.redenoticia.com.br\/noticia\/wp-json\/wp\/v2\/posts\/104780\/revisions"}],"wp:featuredmedia":[{"embeddable":true,"href":"https:\/\/migracao.redenoticia.com.br\/noticia\/wp-json\/wp\/v2\/media\/99331"}],"wp:attachment":[{"href":"https:\/\/migracao.redenoticia.com.br\/noticia\/wp-json\/wp\/v2\/media?parent=104780"}],"wp:term":[{"taxonomy":"category","embeddable":true,"href":"https:\/\/migracao.redenoticia.com.br\/noticia\/wp-json\/wp\/v2\/categories?post=104780"},{"taxonomy":"post_tag","embeddable":true,"href":"https:\/\/migracao.redenoticia.com.br\/noticia\/wp-json\/wp\/v2\/tags?post=104780"}],"curies":[{"name":"wp","href":"https:\/\/api.w.org\/{rel}","templated":true}]}}