{"id":10481,"date":"2009-09-02T15:39:52","date_gmt":"2009-09-02T19:39:52","guid":{"rendered":"http:\/\/www.redenoticia.com.br\/noticia\/?p=10481"},"modified":"2009-09-02T15:39:52","modified_gmt":"2009-09-02T19:39:52","slug":"a-nova-gripe-a-h1n1-nao-e-mais-fatal-no-brasil-do-que-em-outros-paises","status":"publish","type":"post","link":"https:\/\/migracao.redenoticia.com.br\/noticia\/2009\/a-nova-gripe-a-h1n1-nao-e-mais-fatal-no-brasil-do-que-em-outros-paises\/10481","title":{"rendered":"A Nova Gripe A H1N1 n\u00e3o \u00e9 mais fatal no Brasil do que em outros pa\u00edses"},"content":{"rendered":"<p>O n\u00famero de mortes causadas pela <strong>Influenza A (H1N1<\/strong>) no Brasil n\u00e3o indica que a nova gripe \u00e9 mais fatal aqui do que em outro pa\u00eds. Esta \u00e9 a avalia\u00e7\u00e3o de David Mercer, diretor regional do Departamento de Doen\u00e7as Infecciosas da Organiza\u00e7\u00e3o Mundial da Sa\u00fade (OMS) na Europa.\u00a0Para o dirigente, um dos fatores que explicam o n\u00famero de \u00f3bitos registrados no pa\u00eds \u00e9 a transpar\u00eancia do governo em divulgar os casos.<\/p>\n<p>David Mercer tamb\u00e9m considerou acertada a pol\u00edtica do Brasil para indica\u00e7\u00e3o do medicamento fosfato de oseltamivir, que segue as recomenda\u00e7\u00f5es da pr\u00f3pria OMS. De acordo com o protocolo do Minist\u00e9rio da Sa\u00fade, a droga n\u00e3o deve ser dada para todas as pessoas com sintomas de gripe. O medicamento \u00e9 usado para tratar pacientes com doen\u00e7a respirat\u00f3ria grave, pertencentes a grupos de risco para complica\u00e7\u00f5es por influenza ou que tiveram uma piora repentina no estado de sa\u00fade.<\/p>\n<p>O especialista da OMS falou com a Ag\u00eancia Sa\u00fade nesta quarta-feira (2), um dia depois de conceder entrevista a jornalistas em Lisboa (Portugal), onde participou de confer\u00eancia para discutir novas estrat\u00e9gias de enfrentamento do A (H1N1).<\/p>\n<p><strong>Ag\u00eancia Sa\u00fade: Como o senhor avalia o n\u00famero de mortes registradas no Brasil pela nova gripe?<\/strong><\/p>\n<p><strong>David Mercer:<\/strong> Um dos fatores para explicar o grande n\u00famero de registros no pa\u00eds \u00e9 a transpar\u00eancia das autoridades em divulgar os casos. No Brasil,\u00a0como nos Estados Unidos, que registram n\u00famero de mortes maior, os governos s\u00e3o transparentes. Verifica-se uma qualidade no registro dos \u00f3bitos. H\u00e1 alguns pa\u00edses que apontam como causa da morte de pessoas a pneumonia ou outras complica\u00e7\u00f5es \u2013 sendo que elas foram decorrentes da nova gripe. N\u00e3o \u00e9 que a doen\u00e7a seja mais virulenta ou o v\u00edrus mais fatal [<em>no Brasil<\/em>] do que em outros pa\u00edses, na Europa, \u00c1frica.<\/p>\n<p><strong>AS: Como o senhor v\u00ea a orienta\u00e7\u00e3o do Minist\u00e9rio da Sa\u00fade de tratar com antiviral apenas os grupos de risco e casos graves?<\/strong><\/p>\n<p><strong>DM: <\/strong>O procedimento foi correto. Essa pol\u00edtica recomendada pela OMS aconselha que o tratamento seja dado s\u00f3 \u00e0s pessoas com sintomas mais graves da nova gripe. N\u00e3o d\u00e1 para prevenir a doen\u00e7a com o antiviral. Ele \u00e9 apropriado para as pessoas de grupos de risco, como gestantes, obesos e pessoas com problemas vasculares ou asma. A medica\u00e7\u00e3o tamb\u00e9m deve ser aplicada nas crian\u00e7as, que podem ter mais complica\u00e7\u00f5es causadas pelo novo v\u00edrus. Mas n\u00e3o \u00e9 necess\u00e1rio prescrever o antiviral para a maioria das pessoas.<\/p>\n<p><strong>AS: O que o senhor achou da estrat\u00e9gia inicial do Brasil de refor\u00e7ar os cuidados com pessoas vindas de fora do Pa\u00eds em portos, aeroportos e zonas de fronteira?<\/strong><\/p>\n<p><strong>DM:<\/strong> Na fase muito inicial da pandemia, essa \u00e9 uma medida correta para tentar conter a dissemina\u00e7\u00e3o do v\u00edrus. Mas, agora que a doen\u00e7a se espalhou em v\u00e1rios pa\u00edses, algumas restri\u00e7\u00f5es n\u00e3o s\u00e3o mais v\u00e1lidas. Por exemplo, n\u00e3o \u00e9 preciso deixar de viajar para um local espec\u00edfico para n\u00e3o pegar a gripe A. O ideal \u00e9 focar em medidas de preven\u00e7\u00e3o, especialmente a constante higieniza\u00e7\u00e3o.<\/p>\n<p><strong>AS: Com a chegada do inverno, a OMS acredita que haver\u00e1 um aumento no n\u00famero de casos na Europa?<\/strong><\/p>\n<p><strong>DM:<\/strong> A OMS est\u00e1 planejando e trabalhando com um aumento de casos no Hemisf\u00e9rio Norte. Mas n\u00f3s estamos preparados e j\u00e1 adotamos medidas de vigil\u00e2ncia, assist\u00eancia e preven\u00e7\u00e3o para que a situa\u00e7\u00e3o n\u00e3o se agrave com o inverno.<\/p>\n<p><strong>AS: E qual \u00e9 a expectativa de vacina\u00e7\u00e3o contra a nova gripe? Em que p\u00e9 est\u00e1 esse processo?<\/strong><\/p>\n<p><strong>DM: <\/strong>Bem, a vacina est\u00e1 em fase de testes cl\u00ednicos. O que j\u00e1 podemos adiantar \u00e9 que essa vacina s\u00f3 imunizar\u00e1 contra a Influenza A (H1N1). Quem quiser se proteger contra a gripe sazonal ter\u00e1 que tomar a vacina espec\u00edfica. Ent\u00e3o, as duas vacinas s\u00e3o necess\u00e1rias, dependendo do caso e do grupo de risco.<\/p>\n<p><strong> <\/strong><\/p>\n<p><strong>AS: Mas haver\u00e1 vacina suficiente para todo mundo?<\/strong><\/p>\n<p><strong>DM: <\/strong>J\u00e1 se sabe da poss\u00edvel escassez de vacina contra a <strong>Influenza A (H1N1<\/strong>). Por isso, cada governo deve ter cuidado em garantir a imuniza\u00e7\u00e3o, primeiro, para os grupos de risco. Todos [<em>desses grupos<\/em>] devem estar protegidos contra a nova gripe. Certamente, o Brasil estar\u00e1 numa posi\u00e7\u00e3o melhor que alguns pa\u00edses porque ter\u00e1 a produ\u00e7\u00e3o local da vacina contra o A (H1N1). Mas claro que muitos fatores ainda devem ser levados em conta, como quantas pessoas ter\u00e3o de ser vacinadas.<\/p>\n","protected":false},"excerpt":{"rendered":"<p>O n\u00famero de mortes causadas pela Influenza A (H1N1) no Brasil n\u00e3o indica que a nova gripe \u00e9 mais fatal aqui do que em outro pa\u00eds. Esta \u00e9 a avalia\u00e7\u00e3o de David Mercer, diretor regional do Departamento de Doen\u00e7as Infecciosas da Organiza\u00e7\u00e3o Mundial da Sa\u00fade (OMS) na Europa.\u00a0Para o dirigente, um dos fatores que explicam [&hellip;]<\/p>\n","protected":false},"author":2,"featured_media":0,"comment_status":"open","ping_status":"open","sticky":false,"template":"","format":"standard","meta":{"tdm_status":"","tdm_grid_status":"","footnotes":""},"categories":[5],"tags":[],"class_list":{"0":"post-10481","1":"post","2":"type-post","3":"status-publish","4":"format-standard","6":"category-saude-e-vida"},"_links":{"self":[{"href":"https:\/\/migracao.redenoticia.com.br\/noticia\/wp-json\/wp\/v2\/posts\/10481","targetHints":{"allow":["GET"]}}],"collection":[{"href":"https:\/\/migracao.redenoticia.com.br\/noticia\/wp-json\/wp\/v2\/posts"}],"about":[{"href":"https:\/\/migracao.redenoticia.com.br\/noticia\/wp-json\/wp\/v2\/types\/post"}],"author":[{"embeddable":true,"href":"https:\/\/migracao.redenoticia.com.br\/noticia\/wp-json\/wp\/v2\/users\/2"}],"replies":[{"embeddable":true,"href":"https:\/\/migracao.redenoticia.com.br\/noticia\/wp-json\/wp\/v2\/comments?post=10481"}],"version-history":[{"count":0,"href":"https:\/\/migracao.redenoticia.com.br\/noticia\/wp-json\/wp\/v2\/posts\/10481\/revisions"}],"wp:attachment":[{"href":"https:\/\/migracao.redenoticia.com.br\/noticia\/wp-json\/wp\/v2\/media?parent=10481"}],"wp:term":[{"taxonomy":"category","embeddable":true,"href":"https:\/\/migracao.redenoticia.com.br\/noticia\/wp-json\/wp\/v2\/categories?post=10481"},{"taxonomy":"post_tag","embeddable":true,"href":"https:\/\/migracao.redenoticia.com.br\/noticia\/wp-json\/wp\/v2\/tags?post=10481"}],"curies":[{"name":"wp","href":"https:\/\/api.w.org\/{rel}","templated":true}]}}