{"id":104830,"date":"2017-01-19T01:17:12","date_gmt":"2017-01-19T03:17:12","guid":{"rendered":"http:\/\/www.redenoticia.com.br\/noticia\/?p=104830"},"modified":"2017-01-18T23:18:48","modified_gmt":"2017-01-19T01:18:48","slug":"pos-graduacao-em-agroecologia-e-desenvolvimento-humano-na-usp","status":"publish","type":"post","link":"https:\/\/migracao.redenoticia.com.br\/noticia\/2017\/pos-graduacao-em-agroecologia-e-desenvolvimento-humano-na-usp\/104830","title":{"rendered":"P\u00f3s-Gradua\u00e7\u00e3o em Agroecologia e Desenvolvimento Humano na USP"},"content":{"rendered":"<p> Ag\u00eancia FAPESP \u2013 O Curso de <em><strong>P\u00f3s-Gradua\u00e7\u00e3o em Geografia F\u00edsica<\/strong><\/em> do Departamento de Geografia da Faculdade de Filosofia, Letras e Ci\u00eancias Humanas (FFLCH) da Universidade de S\u00e3o Paulo (USP) abriu inscri\u00e7\u00f5es para alunos especiais \u2013 graduados em outras universidades \u2013 na disciplina Agroecologia e Desenvolvimento Humano. O prazo encerra em 20 de janeiro.<\/p>\n<p>O curso ter\u00e1 como temas: Funcionamento Biodin\u00e2mico da Paisagem, Agroecologia, Agricultura Biodin\u00e2mica e Antroposofia e Concep\u00e7\u00e3o de G\u00eanero Aliment\u00edcio, Nutri\u00e7\u00e3o e Desenvolvimento Humano.<\/p>\n<p>As aulas ser\u00e3o ministradas entre 8h15 e 12h30, de 23 de mar\u00e7o a 8 de junho e incluem estudos em grupo, palestras com convidados e excurs\u00f5es.<\/p>\n<p>As inscri\u00e7\u00f5es devem ser feitas na Secretaria da P\u00f3s-Gradua\u00e7\u00e3o da FFLCH, \u00e0 rua do Lago 717, na Cidade Universit\u00e1ria, em S\u00e3o Paulo.<\/p>\n<p>Mais informa\u00e7\u00f5es pelo fone (11) 3091-3749.<\/p>\n","protected":false},"excerpt":{"rendered":"<p>Ag\u00eancia FAPESP \u2013 O Curso de P\u00f3s-Gradua\u00e7\u00e3o em Geografia F\u00edsica do Departamento de Geografia da Faculdade de Filosofia, Letras e Ci\u00eancias Humanas (FFLCH) da Universidade de S\u00e3o Paulo (USP) abriu inscri\u00e7\u00f5es para alunos especiais \u2013 graduados em outras universidades \u2013 na disciplina Agroecologia e Desenvolvimento Humano. O prazo encerra em 20 de janeiro. O curso [&hellip;]<\/p>\n","protected":false},"author":2,"featured_media":34767,"comment_status":"open","ping_status":"closed","sticky":false,"template":"","format":"standard","meta":{"tdm_status":"","tdm_grid_status":"","footnotes":""},"categories":[22,370,353],"tags":[],"class_list":{"0":"post-104830","1":"post","2":"type-post","3":"status-publish","4":"format-standard","5":"has-post-thumbnail","7":"category-brasil","8":"category-inscricao","9":"category-oportunidades"},"_links":{"self":[{"href":"https:\/\/migracao.redenoticia.com.br\/noticia\/wp-json\/wp\/v2\/posts\/104830","targetHints":{"allow":["GET"]}}],"collection":[{"href":"https:\/\/migracao.redenoticia.com.br\/noticia\/wp-json\/wp\/v2\/posts"}],"about":[{"href":"https:\/\/migracao.redenoticia.com.br\/noticia\/wp-json\/wp\/v2\/types\/post"}],"author":[{"embeddable":true,"href":"https:\/\/migracao.redenoticia.com.br\/noticia\/wp-json\/wp\/v2\/users\/2"}],"replies":[{"embeddable":true,"href":"https:\/\/migracao.redenoticia.com.br\/noticia\/wp-json\/wp\/v2\/comments?post=104830"}],"version-history":[{"count":0,"href":"https:\/\/migracao.redenoticia.com.br\/noticia\/wp-json\/wp\/v2\/posts\/104830\/revisions"}],"wp:featuredmedia":[{"embeddable":true,"href":"https:\/\/migracao.redenoticia.com.br\/noticia\/wp-json\/wp\/v2\/media\/34767"}],"wp:attachment":[{"href":"https:\/\/migracao.redenoticia.com.br\/noticia\/wp-json\/wp\/v2\/media?parent=104830"}],"wp:term":[{"taxonomy":"category","embeddable":true,"href":"https:\/\/migracao.redenoticia.com.br\/noticia\/wp-json\/wp\/v2\/categories?post=104830"},{"taxonomy":"post_tag","embeddable":true,"href":"https:\/\/migracao.redenoticia.com.br\/noticia\/wp-json\/wp\/v2\/tags?post=104830"}],"curies":[{"name":"wp","href":"https:\/\/api.w.org\/{rel}","templated":true}]}}