{"id":104840,"date":"2017-01-19T01:23:41","date_gmt":"2017-01-19T03:23:41","guid":{"rendered":"http:\/\/www.redenoticia.com.br\/noticia\/?p=104840"},"modified":"2017-01-18T23:24:35","modified_gmt":"2017-01-19T01:24:35","slug":"producao-de-motos-tem-queda-de-quase-30-em-2016-a-menor-taxa-desde-2002","status":"publish","type":"post","link":"https:\/\/migracao.redenoticia.com.br\/noticia\/2017\/producao-de-motos-tem-queda-de-quase-30-em-2016-a-menor-taxa-desde-2002\/104840","title":{"rendered":"Produ\u00e7\u00e3o de motos tem queda de quase 30% em 2016; a menor taxa desde 2002"},"content":{"rendered":"<p> A <strong><em>produ\u00e7\u00e3o de motocicletas<\/em><\/strong> no pa\u00eds caiu 29,7% em 2016 na compara\u00e7\u00e3o com 2015. No ano passado, foram fabricadas 887.653, contra 1.262.708 unidades, em 2015, de acordo com dados divulgados pela Associa\u00e7\u00e3o Brasileira dos Fabricantes de Motocicletas, Ciclomotores, Motonetas, Bicicletas e Similares (Abraciclo).<\/p>\n<p>Foi a menor taxa de produ\u00e7\u00e3o desde 2002. Em dezembro, foram fabricadas 32.814 motocicletas ante 50.633 unidades no mesmo per\u00edodo do ano passado, o que corresponde a uma queda de 35,2%. Na compara\u00e7\u00e3o com novembro, a redu\u00e7\u00e3o chegou a 53,3%.<\/p>\n<p> Em 2016, as vendas tamb\u00e9m ca\u00edram, 27,9% em compara\u00e7\u00e3o a 2015. Em dezembro, foram comercializadas 56.155 motocicletas, o que corresponde a uma queda de 18,9% em rela\u00e7\u00e3o \u00e0 dezembro de 2015 e de 5,4% ante o m\u00eas de novembro, quando as unidades vendidas somaram 59.372.<\/p>\n<p>Exporta\u00e7\u00f5es<\/p>\n<p>J\u00e1 as exporta\u00e7\u00f5es registraram queda de 14,6% em 2016, com 59.022 unidades comercializadas no mercado externo, na compara\u00e7\u00e3o com o ano anterior (69.123 exportadas).<\/p>\n<p>Fl\u00e1via Albuquerque &#8211; Rep\u00f3rter da Ag\u00eancia Brasil<br \/>\nEdi\u00e7\u00e3o: Carolina Pimentel<br \/>\n19\/01\/2017<\/p>\n","protected":false},"excerpt":{"rendered":"<p>A produ\u00e7\u00e3o de motocicletas no pa\u00eds caiu 29,7% em 2016 na compara\u00e7\u00e3o com 2015. No ano passado, foram fabricadas 887.653, contra 1.262.708 unidades, em 2015, de acordo com dados divulgados pela Associa\u00e7\u00e3o Brasileira dos Fabricantes de Motocicletas, Ciclomotores, Motonetas, Bicicletas e Similares (Abraciclo). Foi a menor taxa de produ\u00e7\u00e3o desde 2002. Em dezembro, foram fabricadas [&hellip;]<\/p>\n","protected":false},"author":2,"featured_media":57585,"comment_status":"open","ping_status":"closed","sticky":false,"template":"","format":"standard","meta":{"tdm_status":"","tdm_grid_status":"","footnotes":""},"categories":[22,7],"tags":[],"class_list":{"0":"post-104840","1":"post","2":"type-post","3":"status-publish","4":"format-standard","5":"has-post-thumbnail","7":"category-brasil","8":"category-economia"},"_links":{"self":[{"href":"https:\/\/migracao.redenoticia.com.br\/noticia\/wp-json\/wp\/v2\/posts\/104840","targetHints":{"allow":["GET"]}}],"collection":[{"href":"https:\/\/migracao.redenoticia.com.br\/noticia\/wp-json\/wp\/v2\/posts"}],"about":[{"href":"https:\/\/migracao.redenoticia.com.br\/noticia\/wp-json\/wp\/v2\/types\/post"}],"author":[{"embeddable":true,"href":"https:\/\/migracao.redenoticia.com.br\/noticia\/wp-json\/wp\/v2\/users\/2"}],"replies":[{"embeddable":true,"href":"https:\/\/migracao.redenoticia.com.br\/noticia\/wp-json\/wp\/v2\/comments?post=104840"}],"version-history":[{"count":0,"href":"https:\/\/migracao.redenoticia.com.br\/noticia\/wp-json\/wp\/v2\/posts\/104840\/revisions"}],"wp:featuredmedia":[{"embeddable":true,"href":"https:\/\/migracao.redenoticia.com.br\/noticia\/wp-json\/wp\/v2\/media\/57585"}],"wp:attachment":[{"href":"https:\/\/migracao.redenoticia.com.br\/noticia\/wp-json\/wp\/v2\/media?parent=104840"}],"wp:term":[{"taxonomy":"category","embeddable":true,"href":"https:\/\/migracao.redenoticia.com.br\/noticia\/wp-json\/wp\/v2\/categories?post=104840"},{"taxonomy":"post_tag","embeddable":true,"href":"https:\/\/migracao.redenoticia.com.br\/noticia\/wp-json\/wp\/v2\/tags?post=104840"}],"curies":[{"name":"wp","href":"https:\/\/api.w.org\/{rel}","templated":true}]}}