{"id":104842,"date":"2017-01-19T01:24:40","date_gmt":"2017-01-19T03:24:40","guid":{"rendered":"http:\/\/www.redenoticia.com.br\/noticia\/?p=104842"},"modified":"2017-01-18T23:25:38","modified_gmt":"2017-01-19T01:25:38","slug":"intencao-de-consumo-das-familias-cai-17-em-janeiro-deste-ano","status":"publish","type":"post","link":"https:\/\/migracao.redenoticia.com.br\/noticia\/2017\/intencao-de-consumo-das-familias-cai-17-em-janeiro-deste-ano\/104842","title":{"rendered":"Inten\u00e7\u00e3o de consumo das fam\u00edlias cai 1,7% em janeiro deste ano"},"content":{"rendered":"<p> A <strong><em>inten\u00e7\u00e3o de consumo<\/em><\/strong> das fam\u00edlias caiu 1,7% em janeiro deste ano, na compara\u00e7\u00e3o com o mesmo per\u00edodo do ano passado, segundo dados divulgados pela Confedera\u00e7\u00e3o Nacional do Com\u00e9rcio de Bens, Servi\u00e7os e Turismo (CNC). A queda foi provocada principalmente pela piora na perspectiva de compra a prazo (-11,9%).<\/p>\n<p>Tamb\u00e9m houve quedas na avalia\u00e7\u00e3o sobre a renda atual (-6,9%), no n\u00edvel de consumo atual (-5%) e na perspectiva profissional (-0,9%). Por outro lado, houve crescimento na avalia\u00e7\u00e3o sobre o emprego atual (1,2%), perspectiva de consumo (7,3%) e momento para a compra de bens dur\u00e1veis (8,4%).<\/p>\n<p>Na compara\u00e7\u00e3o com dezembro de 2016, a inten\u00e7\u00e3o de consumo das fam\u00edlias manteve-se est\u00e1vel. Se por um lado, houve queda em componentes como o emprego atual (-1%) e a renda atual (1%), por outro, houve crescimento de 3,2% no momento para compra de dur\u00e1veis e de 1,7% no n\u00edvel de consumo atual.<\/p>\n<p>Vitor Abdala \u2013 Rep\u00f3rter da Ag\u00eancia Brasil<br \/>\nEdi\u00e7\u00e3o: L\u00edlian Beraldo<br \/>\n19\/01\/2017<\/p>\n","protected":false},"excerpt":{"rendered":"<p>A inten\u00e7\u00e3o de consumo das fam\u00edlias caiu 1,7% em janeiro deste ano, na compara\u00e7\u00e3o com o mesmo per\u00edodo do ano passado, segundo dados divulgados pela Confedera\u00e7\u00e3o Nacional do Com\u00e9rcio de Bens, Servi\u00e7os e Turismo (CNC). A queda foi provocada principalmente pela piora na perspectiva de compra a prazo (-11,9%). Tamb\u00e9m houve quedas na avalia\u00e7\u00e3o sobre [&hellip;]<\/p>\n","protected":false},"author":2,"featured_media":38938,"comment_status":"open","ping_status":"closed","sticky":false,"template":"","format":"standard","meta":{"tdm_status":"","tdm_grid_status":"","footnotes":""},"categories":[22,7],"tags":[],"class_list":{"0":"post-104842","1":"post","2":"type-post","3":"status-publish","4":"format-standard","5":"has-post-thumbnail","7":"category-brasil","8":"category-economia"},"_links":{"self":[{"href":"https:\/\/migracao.redenoticia.com.br\/noticia\/wp-json\/wp\/v2\/posts\/104842","targetHints":{"allow":["GET"]}}],"collection":[{"href":"https:\/\/migracao.redenoticia.com.br\/noticia\/wp-json\/wp\/v2\/posts"}],"about":[{"href":"https:\/\/migracao.redenoticia.com.br\/noticia\/wp-json\/wp\/v2\/types\/post"}],"author":[{"embeddable":true,"href":"https:\/\/migracao.redenoticia.com.br\/noticia\/wp-json\/wp\/v2\/users\/2"}],"replies":[{"embeddable":true,"href":"https:\/\/migracao.redenoticia.com.br\/noticia\/wp-json\/wp\/v2\/comments?post=104842"}],"version-history":[{"count":0,"href":"https:\/\/migracao.redenoticia.com.br\/noticia\/wp-json\/wp\/v2\/posts\/104842\/revisions"}],"wp:featuredmedia":[{"embeddable":true,"href":"https:\/\/migracao.redenoticia.com.br\/noticia\/wp-json\/wp\/v2\/media\/38938"}],"wp:attachment":[{"href":"https:\/\/migracao.redenoticia.com.br\/noticia\/wp-json\/wp\/v2\/media?parent=104842"}],"wp:term":[{"taxonomy":"category","embeddable":true,"href":"https:\/\/migracao.redenoticia.com.br\/noticia\/wp-json\/wp\/v2\/categories?post=104842"},{"taxonomy":"post_tag","embeddable":true,"href":"https:\/\/migracao.redenoticia.com.br\/noticia\/wp-json\/wp\/v2\/tags?post=104842"}],"curies":[{"name":"wp","href":"https:\/\/api.w.org\/{rel}","templated":true}]}}