{"id":104892,"date":"2017-01-20T20:54:42","date_gmt":"2017-01-20T22:54:42","guid":{"rendered":"http:\/\/www.redenoticia.com.br\/noticia\/?p=104892"},"modified":"2017-01-24T00:11:16","modified_gmt":"2017-01-24T02:11:16","slug":"novela-a-terra-prometida-resumo-2301-josue-e-surpreendido-com-a-chegada-de-mireu","status":"publish","type":"post","link":"https:\/\/migracao.redenoticia.com.br\/noticia\/2017\/novela-a-terra-prometida-resumo-2301-josue-e-surpreendido-com-a-chegada-de-mireu\/104892","title":{"rendered":"Novela \u201cA Terra Prometida\u201d resumo 23\/01: Josu\u00e9 \u00e9 surpreendido com a chegada de Mireu"},"content":{"rendered":"<p> <img loading=\"lazy\" decoding=\"async\" class=\"alignleft size-thumbnail wp-image-89446\" src=\"https:\/\/migracao.redenoticia.com.br\/noticia\/imagens\/a-terra-prometida-novela-record-resumo-150x112.jpg\" alt=\"a-terra-prometida-novela-record-resumo\" width=\"150\" height=\"112\" srcset=\"https:\/\/migracao.redenoticia.com.br\/noticia\/imagens\/a-terra-prometida-novela-record-resumo-150x112.jpg 150w, https:\/\/migracao.redenoticia.com.br\/noticia\/imagens\/a-terra-prometida-novela-record-resumo-265x198.jpg 265w\" sizes=\"auto, (max-width: 150px) 100vw, 150px\" \/><strong><em>Novela \u201cA Terra Prometida\u201d resumo 23\/01<\/em><\/strong>: Adonizedeque ordena que Mireu leve um recado escrito em um papiro at\u00e9 Josu\u00e9. Antes de deixar Jerusal\u00e9m, Mireu se declara para Ula. Adonizedeque ordena que tragam Ula at\u00e9 o pal\u00e1cio e pede para ela vestir-se como uma rainha. Ula aparece deslumbrante na sala do trono. O rei a admira e pede que ela conte uma de suas hist\u00f3rias. Enquanto conversa com Zareg e Racal, Josu\u00e9 \u00e9 surpreendido com a chegada de Salmon e Mireu em sua tenda. O oficial de Jerusal\u00e9m se apresenta e diz ter um recado muito importante de Adonizedeque.<\/p>\n<p>No capitulo 144(*), novela \u201cA Terra Prometida\u201d, segunda-feira, 23 de janeiro &#8211; Yana acorda e diz que L\u00e9ia salvou sua vida. Tobias encontra Samara e avisa que L\u00e9ia chegou no momento do crime. Salmon e Raabe cuidam do beb\u00ea Boaz. Na caverna dos leprosos, Milah lamenta a morte de Orebe. Acompanhada de L\u00e9ia, Yana avisa para Josu\u00e9 e Aruna sobre o ataque. L\u00e9ia diz estar decepcionada com os filhos. Aruna conforta Yana. Ula conversa com Lina e diz que os reis s\u00e3o homens normais. Adonizedeque conversa com Abul e fala de seu interesse em Ula. Josu\u00e9 pergunta se Zareg tem algo a ver com o ataque sofrido por Yana. O falso andarilho nega qualquer envolvimento com o incidente. Jogli procura o l\u00edder de Israel e avisa que um cananeu foi visto observando o acampamento. Fin\u00e9ias explica sobre o tabern\u00e1culo para Bogotai, que finge interesse. Mireu retorna ao pal\u00e1cio e avisa que Zareg est\u00e1 infiltrado em Gilgal.<\/p>\n<p>Adonizedeque sente-se tra\u00eddo. Racal diz que est\u00e1 interessado em Mara. Zareg alerta para o perigo de se envolver com a hebreia. Elias reclama com Pedael pelo mal conselho. Ruth anuncia que est\u00e1 esperando outro filho de Bo\u00e3. Adonizedeque ordena que Mireu leve um recado escrito em um papiro at\u00e9 Josu\u00e9. Antes de deixar Jerusal\u00e9m, Mireu se declara para Ula. Elias se desculpa com La\u00eds. Adonizedeque ordena que tragam Ula at\u00e9 o pal\u00e1cio. Elias convida La\u00eds para um novo jantar. No pal\u00e1cio, Adonizedeque pede para Ula vestir-se como uma rainha. J\u00e9ssica conversa com Mara e diz n\u00e3o querer fazer mal a ningu\u00e9m. A vil\u00e3 reclama da falta de coragem da mo\u00e7a e diz que J\u00e9ssica \u00e9 uma fraca. <\/p>\n<p>Ula aparece deslumbrante na sala do trono. O rei a admira e pede que ela conte uma de suas hist\u00f3rias. Racal d\u00e1 em cima de Mara, mas ela pede mais respeito. Josu\u00e9 pede para Zareg contar detalhes de sua viagem at\u00e9 o acampamento. Mireu chega at\u00e9 Gilgal. Orias ora a Deus pedindo ajuda \u00e0 Milah. Adonizedeque e os nobres vibram com as hist\u00f3rias contadas por Ula. O rei pede para ela voltar ao pal\u00e1cio sempre que for chamada. Adonizedeque vai at\u00e9 o quarto para falar com suas prisioneiras. Ele fala que est\u00e1 se interessando em Ula e finge ouvi-las. Ele esbraveja com a Rainha e a Rainha-m\u00e3e, at\u00e9 que aparecem os cad\u00e1veres delas vestidos, revelando que Adonizedeque \u00e9 completamente louco. Milagrosamente, as manchas na pele de Milah desaparecem. Orias chora de emo\u00e7\u00e3o. <\/p>\n<p>(*) edi\u00e7\u00e3o da Rede Record, Novela \u201cA Terra Prometida\u201d, sujeito a altera\u00e7\u00e3o de data e conte\u00fado.<\/p>\n","protected":false},"excerpt":{"rendered":"<p>Novela \u201cA Terra Prometida\u201d resumo 23\/01: Adonizedeque ordena que Mireu leve um recado escrito em um papiro at\u00e9 Josu\u00e9. Antes de deixar Jerusal\u00e9m, Mireu se declara para Ula. Adonizedeque ordena que tragam Ula at\u00e9 o pal\u00e1cio e pede para ela vestir-se como uma rainha. Ula aparece deslumbrante na sala do trono. O rei a admira [&hellip;]<\/p>\n","protected":false},"author":2,"featured_media":89446,"comment_status":"open","ping_status":"closed","sticky":false,"template":"","format":"standard","meta":{"tdm_status":"","tdm_grid_status":"","footnotes":""},"categories":[446,379,371,343],"tags":[441],"class_list":{"0":"post-104892","1":"post","2":"type-post","3":"status-publish","4":"format-standard","5":"has-post-thumbnail","7":"category-a-terra-prometida","8":"category-novelas","9":"category-rede-record","10":"category-televisao","11":"tag-resumo-do-dia"},"_links":{"self":[{"href":"https:\/\/migracao.redenoticia.com.br\/noticia\/wp-json\/wp\/v2\/posts\/104892","targetHints":{"allow":["GET"]}}],"collection":[{"href":"https:\/\/migracao.redenoticia.com.br\/noticia\/wp-json\/wp\/v2\/posts"}],"about":[{"href":"https:\/\/migracao.redenoticia.com.br\/noticia\/wp-json\/wp\/v2\/types\/post"}],"author":[{"embeddable":true,"href":"https:\/\/migracao.redenoticia.com.br\/noticia\/wp-json\/wp\/v2\/users\/2"}],"replies":[{"embeddable":true,"href":"https:\/\/migracao.redenoticia.com.br\/noticia\/wp-json\/wp\/v2\/comments?post=104892"}],"version-history":[{"count":0,"href":"https:\/\/migracao.redenoticia.com.br\/noticia\/wp-json\/wp\/v2\/posts\/104892\/revisions"}],"wp:featuredmedia":[{"embeddable":true,"href":"https:\/\/migracao.redenoticia.com.br\/noticia\/wp-json\/wp\/v2\/media\/89446"}],"wp:attachment":[{"href":"https:\/\/migracao.redenoticia.com.br\/noticia\/wp-json\/wp\/v2\/media?parent=104892"}],"wp:term":[{"taxonomy":"category","embeddable":true,"href":"https:\/\/migracao.redenoticia.com.br\/noticia\/wp-json\/wp\/v2\/categories?post=104892"},{"taxonomy":"post_tag","embeddable":true,"href":"https:\/\/migracao.redenoticia.com.br\/noticia\/wp-json\/wp\/v2\/tags?post=104892"}],"curies":[{"name":"wp","href":"https:\/\/api.w.org\/{rel}","templated":true}]}}