{"id":104896,"date":"2017-01-21T19:57:03","date_gmt":"2017-01-21T21:57:03","guid":{"rendered":"http:\/\/www.redenoticia.com.br\/noticia\/?p=104896"},"modified":"2017-01-21T22:17:46","modified_gmt":"2017-01-22T00:17:46","slug":"novela-ezel-resumo-2301-ramiz-e-a-filha-se-abracam","status":"publish","type":"post","link":"https:\/\/migracao.redenoticia.com.br\/noticia\/2017\/novela-ezel-resumo-2301-ramiz-e-a-filha-se-abracam\/104896","title":{"rendered":"Novela \u201cEzel\u201d resumo 23\/01: Ramiz e a filha se abra\u00e7am"},"content":{"rendered":"<p> <img loading=\"lazy\" decoding=\"async\" class=\"alignleft size-thumbnail wp-image-98061\" src=\"https:\/\/migracao.redenoticia.com.br\/noticia\/imagens\/ezel_novela_band_resumo-150x112.jpg\" alt=\"ezel_novela_band_resumo\" width=\"150\" height=\"112\" srcset=\"https:\/\/migracao.redenoticia.com.br\/noticia\/imagens\/ezel_novela_band_resumo-150x112.jpg 150w, https:\/\/migracao.redenoticia.com.br\/noticia\/imagens\/ezel_novela_band_resumo-265x198.jpg 265w\" sizes=\"auto, (max-width: 150px) 100vw, 150px\" \/><strong><em> Novela \u201cEzel\u201d resumo 23\/12<\/em><\/strong>: Ezel pede para que Ramiz confie nele. Ali persegue a filha de Ramiz em um galp\u00e3o abandonado. Ezel encontra uma c\u00e2mera no galp\u00e3o e v\u00ea imagens de Tefik ajudando a filha de Ramiz a fugir de um assassino. Ramiz e a filha se abra\u00e7am e se despedem.<\/p>\n<p>No capitulo 066 (*), novela \u201cEzel\u201d, segunda-feira, 23 de janeiro &#8211; Ali, Ezel e Cengiz v\u00e3o \u00e0 casa de Candir para tentar descobrir algo mais sobre Ramiz. Quando retornam ao carro, a jornalista foge. Meliah liga para Eysan e ela vai at\u00e9 a casa de Omer. Ali, Ezel e Cengiz se encontram com Ramiz no cassino.<\/p>\n<p> Ezel pede para que Ramiz confie nele. Ali persegue a filha de Ramiz em um galp\u00e3o abandonado. Ezel encontra uma c\u00e2mera no galp\u00e3o e v\u00ea imagens de Tefik ajudando a filha de Ramiz a fugir de um assassino. Meliah, Eysan e Merti levam Muntaz ao hospital. Cengiz visita Serdar e vai ao cassino encontrar Ali. Ezel leva a jornalista para se encontrar com Ramiz. Ramiz e a filha se abra\u00e7am e se despedem.<\/p>\n<p>O m\u00e9dico pede autoriza\u00e7\u00e3o da fam\u00edlia para operar Muntaz. Meliah expulsa Eysan do hospital e Ezel chega. Ezel encontra Ramiz no estacionamento e ele pede ajuda para salvar a filha. A jornalista se encontra com Cengiz em um caf\u00e9 e um homem os observa. Ezel e Ramiz discutem. Serdar mostra a Eysan a barriga machucada e ela fica preocupada. O cart\u00e3o da jornalista \u00e9 recusado no caf\u00e9 e ela vai falar com o gerente. Bahar chega em casa e v\u00ea Eysan cuidando de Serdar.<\/p>\n<p>(*) edi\u00e7\u00e3o da Band, Novela \u201cEzel\u201d, sujeito a altera\u00e7\u00e3o de data e conte\u00fado.<\/p>\n","protected":false},"excerpt":{"rendered":"<p>Novela \u201cEzel\u201d resumo 23\/12: Ezel pede para que Ramiz confie nele. Ali persegue a filha de Ramiz em um galp\u00e3o abandonado. Ezel encontra uma c\u00e2mera no galp\u00e3o e v\u00ea imagens de Tefik ajudando a filha de Ramiz a fugir de um assassino. Ramiz e a filha se abra\u00e7am e se despedem. No capitulo 066 (*), [&hellip;]<\/p>\n","protected":false},"author":2,"featured_media":98061,"comment_status":"open","ping_status":"closed","sticky":false,"template":"","format":"standard","meta":{"tdm_status":"","tdm_grid_status":"","footnotes":""},"categories":[390,379,343],"tags":[441],"class_list":{"0":"post-104896","1":"post","2":"type-post","3":"status-publish","4":"format-standard","5":"has-post-thumbnail","7":"category-band","8":"category-novelas","9":"category-televisao","10":"tag-resumo-do-dia"},"_links":{"self":[{"href":"https:\/\/migracao.redenoticia.com.br\/noticia\/wp-json\/wp\/v2\/posts\/104896","targetHints":{"allow":["GET"]}}],"collection":[{"href":"https:\/\/migracao.redenoticia.com.br\/noticia\/wp-json\/wp\/v2\/posts"}],"about":[{"href":"https:\/\/migracao.redenoticia.com.br\/noticia\/wp-json\/wp\/v2\/types\/post"}],"author":[{"embeddable":true,"href":"https:\/\/migracao.redenoticia.com.br\/noticia\/wp-json\/wp\/v2\/users\/2"}],"replies":[{"embeddable":true,"href":"https:\/\/migracao.redenoticia.com.br\/noticia\/wp-json\/wp\/v2\/comments?post=104896"}],"version-history":[{"count":0,"href":"https:\/\/migracao.redenoticia.com.br\/noticia\/wp-json\/wp\/v2\/posts\/104896\/revisions"}],"wp:featuredmedia":[{"embeddable":true,"href":"https:\/\/migracao.redenoticia.com.br\/noticia\/wp-json\/wp\/v2\/media\/98061"}],"wp:attachment":[{"href":"https:\/\/migracao.redenoticia.com.br\/noticia\/wp-json\/wp\/v2\/media?parent=104896"}],"wp:term":[{"taxonomy":"category","embeddable":true,"href":"https:\/\/migracao.redenoticia.com.br\/noticia\/wp-json\/wp\/v2\/categories?post=104896"},{"taxonomy":"post_tag","embeddable":true,"href":"https:\/\/migracao.redenoticia.com.br\/noticia\/wp-json\/wp\/v2\/tags?post=104896"}],"curies":[{"name":"wp","href":"https:\/\/api.w.org\/{rel}","templated":true}]}}