{"id":104911,"date":"2017-01-20T01:28:21","date_gmt":"2017-01-20T03:28:21","guid":{"rendered":"http:\/\/www.redenoticia.com.br\/noticia\/?p=104911"},"modified":"2017-01-19T19:31:11","modified_gmt":"2017-01-19T21:31:11","slug":"usp-abrira-inscricao-para-o-programa-universidade-aberta-a-terceira-idade","status":"publish","type":"post","link":"https:\/\/migracao.redenoticia.com.br\/noticia\/2017\/usp-abrira-inscricao-para-o-programa-universidade-aberta-a-terceira-idade\/104911","title":{"rendered":"USP abrir\u00e1 inscri\u00e7\u00e3o para o programa Universidade Aberta \u00e0 Terceira Idade"},"content":{"rendered":"<p>Ag\u00eancia FAPESP \u2013 A Universidade de S\u00e3o Paulo (USP) abrir\u00e1 inscri\u00e7\u00f5es para as atividades do primeiro semestre de 2017 do programa <em><strong>Universidade Aberta \u00e0 Terceira Idade<\/strong><\/em>. Em sua 46\u00aa edi\u00e7\u00e3o, a iniciativa gratuita, realizada na capital e nos campi do interior, oferece 4.691 vagas divididas em disciplinas regulares nos cursos de gradua\u00e7\u00e3o e atividades complementares, que englobam cursos, palestras, excurs\u00f5es, pr\u00e1ticas esportivas e did\u00e1tico-culturais.<\/p>\n<p>Os interessados n\u00e3o precisam ter v\u00ednculo com a universidade e devem ter mais de 60 anos, de acordo com a Pr\u00f3-Reitoria de Cultura e Extens\u00e3o Universit\u00e1ria da USP.<\/p>\n<p>\u201cEm 2017 o principal objetivo da Universidade Aberta \u00e0 Terceira Idade ser\u00e1 o fortalecimento do v\u00ednculo do idoso com a USP\u201d, explica Eg\u00eddio D\u00f3rea, coordenador do programa. \u201cPara isso, buscaremos ouvir o idoso sobre os cursos e atividades, sugest\u00f5es de novos cursos, novos temas a serem explorados e que os mesmos considerem importantes.\u201d<\/p>\n<p>Gest\u00e3o Empresarial, Educa\u00e7\u00e3o Ambiental, Hist\u00f3ria da M\u00fasica, Rob\u00f3tica e Aplica\u00e7\u00e3o de ROVS para Minera\u00e7\u00e3o de Petr\u00f3leo, que consiste em operar remotamente ve\u00edculos no processo de minera\u00e7\u00e3o, est\u00e3o entre os 569 cursos dispon\u00edveis, que s\u00e3o ministrados nos campi da Cidade Universit\u00e1ria, USP Leste, Bauru, Piracicaba, Pirassununga, Ribeir\u00e3o Preto, Santos e S\u00e3o Carlos. Algumas disciplinas exigem pr\u00e9-requisitos.<\/p>\n<p>Atividades esportivas exclusivas para idosos tamb\u00e9m t\u00eam vagas em programas como Muscula\u00e7\u00e3o, Gin\u00e1stica Adaptada, Pilates e Dan\u00e7a Circular. \u00a0Ser\u00e3o oferecidas ainda atividades culturais com especialistas de diversas \u00e1reas, como No\u00e7\u00f5es Gerais de Direito, Inform\u00e1tica, Ingl\u00eas e Cria\u00e7\u00e3o de Textos.<\/p>\n<p>A rela\u00e7\u00e3o completa de atividades est\u00e1 dispon\u00edvel no site .<\/p>\n<p>O per\u00edodo de inscri\u00e7\u00e3o para as disciplinas regulares do 1\u00ba semestre de 2017 ser\u00e1 de 20 a 24 de fevereiro de 2017.<\/p>\n<p>Mais informa\u00e7\u00f5es podem ser obtidas pelo e-mail 3idade@usp.br ou pelo telefone (11) 3091-9183, das 8h30 \u00e0s 12h e das 13h30 \u00e0s 17h.<\/p>\n","protected":false},"excerpt":{"rendered":"<p>Ag\u00eancia FAPESP \u2013 A Universidade de S\u00e3o Paulo (USP) abrir\u00e1 inscri\u00e7\u00f5es para as atividades do primeiro semestre de 2017 do programa Universidade Aberta \u00e0 Terceira Idade. Em sua 46\u00aa edi\u00e7\u00e3o, a iniciativa gratuita, realizada na capital e nos campi do interior, oferece 4.691 vagas divididas em disciplinas regulares nos cursos de gradua\u00e7\u00e3o e atividades complementares, [&hellip;]<\/p>\n","protected":false},"author":2,"featured_media":36246,"comment_status":"open","ping_status":"closed","sticky":false,"template":"","format":"standard","meta":{"tdm_status":"","tdm_grid_status":"","footnotes":""},"categories":[22,351,370],"tags":[],"class_list":{"0":"post-104911","1":"post","2":"type-post","3":"status-publish","4":"format-standard","5":"has-post-thumbnail","7":"category-brasil","8":"category-cursos","9":"category-inscricao"},"_links":{"self":[{"href":"https:\/\/migracao.redenoticia.com.br\/noticia\/wp-json\/wp\/v2\/posts\/104911","targetHints":{"allow":["GET"]}}],"collection":[{"href":"https:\/\/migracao.redenoticia.com.br\/noticia\/wp-json\/wp\/v2\/posts"}],"about":[{"href":"https:\/\/migracao.redenoticia.com.br\/noticia\/wp-json\/wp\/v2\/types\/post"}],"author":[{"embeddable":true,"href":"https:\/\/migracao.redenoticia.com.br\/noticia\/wp-json\/wp\/v2\/users\/2"}],"replies":[{"embeddable":true,"href":"https:\/\/migracao.redenoticia.com.br\/noticia\/wp-json\/wp\/v2\/comments?post=104911"}],"version-history":[{"count":0,"href":"https:\/\/migracao.redenoticia.com.br\/noticia\/wp-json\/wp\/v2\/posts\/104911\/revisions"}],"wp:featuredmedia":[{"embeddable":true,"href":"https:\/\/migracao.redenoticia.com.br\/noticia\/wp-json\/wp\/v2\/media\/36246"}],"wp:attachment":[{"href":"https:\/\/migracao.redenoticia.com.br\/noticia\/wp-json\/wp\/v2\/media?parent=104911"}],"wp:term":[{"taxonomy":"category","embeddable":true,"href":"https:\/\/migracao.redenoticia.com.br\/noticia\/wp-json\/wp\/v2\/categories?post=104911"},{"taxonomy":"post_tag","embeddable":true,"href":"https:\/\/migracao.redenoticia.com.br\/noticia\/wp-json\/wp\/v2\/tags?post=104911"}],"curies":[{"name":"wp","href":"https:\/\/api.w.org\/{rel}","templated":true}]}}