{"id":104922,"date":"2017-01-20T01:36:53","date_gmt":"2017-01-20T03:36:53","guid":{"rendered":"http:\/\/www.redenoticia.com.br\/noticia\/?p=104922"},"modified":"2017-01-19T19:37:58","modified_gmt":"2017-01-19T21:37:58","slug":"febre-amarela-conheca-os-sintomas-e-saiba-quando-tomar-a-vacina","status":"publish","type":"post","link":"https:\/\/migracao.redenoticia.com.br\/noticia\/2017\/febre-amarela-conheca-os-sintomas-e-saiba-quando-tomar-a-vacina\/104922","title":{"rendered":"Febre amarela: conhe\u00e7a os sintomas e saiba quando tomar a vacina"},"content":{"rendered":"<p> Desde que os casos de <strong><em>febre amarela<\/em><\/strong> come\u00e7aram a aumentar em Minas Gerais a preocupa\u00e7\u00e3o com a doen\u00e7a e a procura por vacinas cresceram. Pelo menos oito mortes por febre amarela foram confirmadas no estado. O \u00faltimo boletim epidemiol\u00f3gico sobre febre amarela em Minas contabilizava 184 casos notificados da doen\u00e7a, sendo 37 casos prov\u00e1veis, al\u00e9m de 53 \u00f3bitos suspeitos, sendo 22 \u00f3bitos prov\u00e1veis por febre amarela.<\/p>\n<p>Em todo o ano de 2016 apenas sete casos da doen\u00e7a foram confirmados em Goi\u00e1s, S\u00e3o Paulo e Amazonas. Cinco deles evolu\u00edram para \u00f3bito, segundo o Minist\u00e9rio da Sa\u00fade.<\/p>\n<p>Para quem vai viajar para \u00e1reas com risco de febre amarela, a recomenda\u00e7\u00e3o \u00e9 se imunizar com pelo menos 10 dias de anteced\u00eancia. Os sinais e sintomas mais comuns da doen\u00e7a s\u00e3o: febre alta, calafrios, cansa\u00e7o, dor de cabe\u00e7a, dor muscular, n\u00e1useas e v\u00f4mitos que duram, em m\u00e9dia, tr\u00eas dias. Nas formas mais graves da doen\u00e7a, podem ocorrer icter\u00edcia (olhos e pele amarelados), insufici\u00eancias hep\u00e1tica e renal, manifesta\u00e7\u00f5es hemorr\u00e1gicas e cansa\u00e7o intenso.<\/p>\n<p>Entenda mais sobre a doen\u00e7a e saiba como se proteger:<\/p>\n<p>O que \u00e9 a febre amarela?<\/p>\n<p>A febre amarela \u00e9 uma doen\u00e7a infecciosa febril aguda, causada por um v\u00edrus, que pode levar o indiv\u00edduo infectado \u00e0 morte em cerca de uma semana se n\u00e3o for tratada rapidamente. De acordo com Minist\u00e9rio da Sa\u00fade, a doen\u00e7a \u00e9 transmitida por mosquitos e comum em macacos, que s\u00e3o os principais hospedeiros do v\u00edrus.<\/p>\n<p>Como a doen\u00e7a \u00e9 transmitida?<\/p>\n<p>O v\u00edrus \u00e9 transmitido pela picada dos mosquitos transmissores infectados e n\u00e3o h\u00e1 transmiss\u00e3o direta de uma pessoa infectada para outra pessoa.<\/p>\n<p>A doen\u00e7a possui dois ciclos epidemiol\u00f3gicos distintos de transmiss\u00e3o: silvestre e urbano. Nos dois casos, o v\u00edrus transmitido \u00e9 o mesmo, assim como os sintomas da doen\u00e7a. O que difere um ciclo do outro \u00e9 o mosquito transmissor.<\/p>\n<p>No ciclo silvestre da febre amarela, os macacos s\u00e3o os principais hospedeiros do v\u00edrus e os vetores s\u00e3o mosquitos com h\u00e1bitos estritamente silvestres, sendo os g\u00eaneros Haemagogus e Sabethes os principais na Am\u00e9rica Latina. Quando o mosquito pica um macaco doente, torna-se capaz de transmitir o v\u00edrus a outros macacos e tamb\u00e9m ao homem. Nesse ciclo, o \u00e9 um hospedeiro acidental quando entra em \u00e1reas de mata.<\/p>\n<p>No ciclo urbano, o homem \u00e9 o \u00fanico hospedeiro com import\u00e2ncia epidemiol\u00f3gica e a transmiss\u00e3o ocorre pelo mosquito Aedes aegypti, comum nas cidades e que tamb\u00e9m transmite a dengue, o v\u00edrus Zika e a Chikungunya.<\/p>\n<p>O que est\u00e1 acontecendo no Brasil \u00e9 um surto ou uma epidemia?<\/p>\n<p>Um surto, pois, de acordo com o Minist\u00e9rio da Sa\u00fade, o aumento do n\u00famero de casos da doen\u00e7a acima do normal ocorre em regi\u00f5es espec\u00edficas, sem espalhamento. J\u00e1 a epidemia se caracteriza quando um surto acontece em diversas regi\u00f5es.<\/p>\n<p>Por que este surto de febre amarela \u00e9 chamado de selvagem?<\/p>\n<p>Porque os casos registrados ocorrem em regi\u00f5es rurais ou de mata, transmitidos pelos mosquitos Haemagogus ou Sabethes. Por enquanto, n\u00e3o foi detectada a transmiss\u00e3o da doen\u00e7a pelo Aedes aegypti.<\/p>\n<p>Como \u00e9 feita a preven\u00e7\u00e3o contra a febre amarela?<\/p>\n<p>De acordo com a Funda\u00e7\u00e3o Oswaldo Cruz (Fiocruz), como a transmiss\u00e3o urbana da febre amarela s\u00f3 \u00e9 poss\u00edvel atrav\u00e9s da picada de mosquitos Aedes aegypti, a preven\u00e7\u00e3o da doen\u00e7a deve ser feita evitando sua dissemina\u00e7\u00e3o. Os mosquitos criam-se na \u00e1gua e proliferam-se dentro dos domic\u00edlios.<\/p>\n<p>Qualquer recipiente como caixas d&#8217;\u00e1gua, latas e pneus contendo \u00e1gua limpa s\u00e3o ambientes ideais para que a f\u00eamea do mosquito ponha seus ovos, de onde nascer\u00e3o larvas que, ap\u00f3s desenvolverem-se na \u00e1gua, se tornar\u00e3o novos mosquitos. Portanto, deve-se evitar o ac\u00famulo de \u00e1gua parada em recipientes destampados.<\/p>\n<p>Para eliminar o mosquito adulto, em caso de epidemia de dengue ou febre amarela, deve-se fazer a aplica\u00e7\u00e3o de inseticida atrav\u00e9s do &#8220;fumac\u00ea\u201d.<\/p>\n<p>Como posso me proteger contra a febre amarela?<\/p>\n<p>A \u00fanica forma de evitar a doen\u00e7a \u00e9 atrav\u00e9s da vacina\u00e7\u00e3o. No Brasil, o imunizante \u00e9 desenvolvido pelo laborat\u00f3rio Bio-Manguinhos da Funda\u00e7\u00e3o Oswaldo Cruz (Fiocruz), desde 1937.<\/p>\n<p>A Organiza\u00e7\u00e3o Mundial da Sa\u00fade (OMS) considera que apenas uma dose da vacina j\u00e1 \u00e9 suficiente para a prote\u00e7\u00e3o por toda a vida. No entanto, como medida adicional de prote\u00e7\u00e3o, o Brasil adota esquema de duas doses da vacina: uma aos noves meses de idade e um refor\u00e7o aos quatro anos.<\/p>\n<p>Outras medidas preventivas s\u00e3o o uso de repelente de insetos, mosquiteiros e roupas que cubram todo o corpo.<\/p>\n<p>Quem deve ser vacinado?<\/p>\n<p>Al\u00e9m das doses na primeira inf\u00e2ncia, o minist\u00e9rio recomenda vacina\u00e7\u00e3o imediata para todas as pessoas que vivem em \u00e1reas rurais nas regi\u00f5es com risco da doen\u00e7a e nas cidades que vivem surto de febre amarela.<\/p>\n<p>Quem nunca recebeu imuniza\u00e7\u00e3o contra a doen\u00e7a tamb\u00e9m deve procurar um posto de sa\u00fade.<\/p>\n<p>Segundo o Minist\u00e9rio da Sa\u00fade, todos os estados est\u00e3o abastecidos com a vacina e o pa\u00eds tem estoque suficiente para atender toda a popula\u00e7\u00e3o nas situa\u00e7\u00f5es recomendadas.<\/p>\n<p>Para que localidades a vacina \u00e9 recomendada?<\/p>\n<p>De acordo com o Minist\u00e9rio da Sa\u00fade, a vacina \u00e9 recomendada para moradores de toda a regi\u00e3o Norte e Centro-Oeste, parte do Nordeste (Maranh\u00e3o, sudoeste do Piau\u00ed, oeste e extremo-sul da Bahia), do Sudeste (Minas Gerais, oeste de S\u00e3o Paulo e norte do Esp\u00edrito Santo) e do Sul (oeste do Paran\u00e1, Santa Catarina e Rio Grande do Sul).<\/p>\n<p>A recomenda\u00e7\u00e3o de vacina\u00e7\u00e3o para o restante do pa\u00eds continua a mesma: toda pessoa que reside em \u00c1reas com Recomenda\u00e7\u00e3o da Vacina contra febre amarela e pessoas que v\u00e3o viajar para regi\u00f5es silvestres, rurais ou de mata dentro dessas \u00e1reas, deve se imunizar.<\/p>\n<p>Os estados do Cear\u00e1, Rio Grande do Norte, Para\u00edba, Pernambuco, Alagoas, Sergipe, Esp\u00edrito Santo e Rio de Janeiro est\u00e3o fora da \u00e1rea de recomenda\u00e7\u00e3o para a vacina.<\/p>\n<p>Quem n\u00e3o pode receber a vacina?<\/p>\n<p>A Ag\u00eancia Nacional de Vigil\u00e2ncia Sanit\u00e1ria (Anvisa) n\u00e3o recomenda a vacina para pessoas com doen\u00e7as que baixam a imunidade \u2013 como l\u00fapus, c\u00e2ncer e HIV \u2013, nem para quem tem mais de 60 anos, gr\u00e1vidas e al\u00e9rgicos a gelatina e ovo.<\/p>\n<p>Quais s\u00e3o os sintomas da febre amarela?<\/p>\n<p>Os sintomas iniciais incluem febre de in\u00edcio s\u00fabito, calafrios, dor de cabe\u00e7a, dores nas costas, dores no corpo em geral, n\u00e1useas e v\u00f4mitos, fadiga e fraqueza. Em casos graves, a pessoa pode desenvolver febre alta, icter\u00edcia (colora\u00e7\u00e3o amarelada da pele e do branco dos olhos), hemorragia e, eventualmente, insufici\u00eancia de \u00f3rg\u00e3os. Entre 20% e 50% das pessoas que desenvolvem a doen\u00e7a grave podem morrer.<\/p>\n<p>A febre amarela pode levar \u00e0 morte em cerca de uma semana, se n\u00e3o for tratada rapidamente.<\/p>\n<p>Como se manifesta a febre amarela?<\/p>\n<p>O per\u00edodo em que o v\u00edrus ir\u00e1 se manifestar no homem varia de tr\u00eas a seis dias ap\u00f3s a picada do mosquito infectado, podendo se estender para at\u00e9 15 dias. A maioria das pessoas apresenta melhora ap\u00f3s os sintomas iniciais.<\/p>\n<p>No entanto, cerca de 15% dos infectados desenvolvem uma forma mais grave da doen\u00e7a. Nesse caso, a pessoa infectada pode servir como fonte de infec\u00e7\u00e3o para outros mosquitos transmissores durante no m\u00e1ximo 7 dias (de um a dois dias antes do aparecimento dos sintomas at\u00e9 tr\u00eas a cinco dias ap\u00f3s).<\/p>\n<p>Nos casos em que a doen\u00e7a n\u00e3o \u00e9 fatal, a pessoa que contraiu a doen\u00e7a fica com imunidade duradoura, ou seja: s\u00f3 \u00e9 poss\u00edvel ter febre amarela uma vez na vida.<\/p>\n<p>O que voc\u00ea deve fazer se apresentar os sintomas?<\/p>\n<p>Depois de identificar alguns dos sintomas, procure um m\u00e9dico na unidade de sa\u00fade mais pr\u00f3xima e informe sobre qualquer viagem para \u00e1reas de risco nos 15 dias anteriores ao in\u00edcio dos sintomas ou caso tenha observado mortandade de macacos pr\u00f3ximo aos lugares que visitou. Informe, ainda, se voc\u00ea tomou a vacina contra a febre amarela, e a data.<\/p>\n<p>Como a febre amarela \u00e9 tratada?<\/p>\n<p>N\u00e3o h\u00e1 nenhum tratamento espec\u00edfico contra a doen\u00e7a. O m\u00e9dico deve tratar os sintomas, como as dores no corpo e cabe\u00e7a, com analg\u00e9sicos e antit\u00e9rmicos. Rem\u00e9dios que contenham \u00e1cido acetilsalic\u00edlico (AAS e Aspirina) devem ser evitados, j\u00e1 que seu uso pode favorecer o aparecimento de manifesta\u00e7\u00f5es hemorr\u00e1gicas. O m\u00e9dico deve estar alerta para quaisquer indica\u00e7\u00f5es de um agravamento do quadro cl\u00ednico.<\/p>\n<p> Entenda a febre amarela<br \/>\nA febre amarela \u00e9 uma doen\u00e7a infecciosa febril aguda, causada por um v\u00edrus, que pode levar \u00e0 morte em cerca de uma semana se n\u00e3o for tratada rapidamente.<\/p>\n<p>O que \u00e9?<br \/>\nA febre amarela silvestre acontece quando mosquitos Haemagogus ou Sabethes picam um macaco infectado na mata, hospedeiro do v\u00edrus. O mesmo mosquito pode picar as pessoas, que sem imuniza\u00e7\u00e3o contraem a febre amarela. A pessoa infectada pode levar o v\u00edrus para a cidade.<\/p>\n<p>O Aedes aegypti pica a pessoa contaminada e pode transmitir o v\u00edrus para outros humanos. Nesse caso, \u00e9 chamara de febre amarela urbana.<\/p>\n<p>Sintomas:<br \/>\nFebre, dor de cabe\u00e7a, calafrios, n\u00e1useas, v\u00f4mito, dores no corpo, pele e olhos amarelos (icter\u00edcia) e hemorragias.<\/p>\n<p>Vacina:<br \/>\nA \u00fanica forma de se proteger contra a doen\u00e7a \u00e9 com a vacina, dispon\u00edvel e gratuita nos postos de sa\u00fade. O turista que ainda n\u00e3o tomou a vacina, deve se imunizar 10 dias antes de viajar.<\/p>\n<p>L\u00edria Jade \u2013 Rep\u00f3rter da Ag\u00eancia Brasil<br \/>\nEdi\u00e7\u00e3o: Denise Griesinger<br \/>\n20\/01\/2017<\/p>\n","protected":false},"excerpt":{"rendered":"<p>Desde que os casos de febre amarela come\u00e7aram a aumentar em Minas Gerais a preocupa\u00e7\u00e3o com a doen\u00e7a e a procura por vacinas cresceram. Pelo menos oito mortes por febre amarela foram confirmadas no estado. O \u00faltimo boletim epidemiol\u00f3gico sobre febre amarela em Minas contabilizava 184 casos notificados da doen\u00e7a, sendo 37 casos prov\u00e1veis, al\u00e9m [&hellip;]<\/p>\n","protected":false},"author":2,"featured_media":34747,"comment_status":"open","ping_status":"closed","sticky":false,"template":"","format":"standard","meta":{"tdm_status":"","tdm_grid_status":"","footnotes":""},"categories":[22,5],"tags":[],"class_list":{"0":"post-104922","1":"post","2":"type-post","3":"status-publish","4":"format-standard","5":"has-post-thumbnail","7":"category-brasil","8":"category-saude-e-vida"},"_links":{"self":[{"href":"https:\/\/migracao.redenoticia.com.br\/noticia\/wp-json\/wp\/v2\/posts\/104922","targetHints":{"allow":["GET"]}}],"collection":[{"href":"https:\/\/migracao.redenoticia.com.br\/noticia\/wp-json\/wp\/v2\/posts"}],"about":[{"href":"https:\/\/migracao.redenoticia.com.br\/noticia\/wp-json\/wp\/v2\/types\/post"}],"author":[{"embeddable":true,"href":"https:\/\/migracao.redenoticia.com.br\/noticia\/wp-json\/wp\/v2\/users\/2"}],"replies":[{"embeddable":true,"href":"https:\/\/migracao.redenoticia.com.br\/noticia\/wp-json\/wp\/v2\/comments?post=104922"}],"version-history":[{"count":0,"href":"https:\/\/migracao.redenoticia.com.br\/noticia\/wp-json\/wp\/v2\/posts\/104922\/revisions"}],"wp:featuredmedia":[{"embeddable":true,"href":"https:\/\/migracao.redenoticia.com.br\/noticia\/wp-json\/wp\/v2\/media\/34747"}],"wp:attachment":[{"href":"https:\/\/migracao.redenoticia.com.br\/noticia\/wp-json\/wp\/v2\/media?parent=104922"}],"wp:term":[{"taxonomy":"category","embeddable":true,"href":"https:\/\/migracao.redenoticia.com.br\/noticia\/wp-json\/wp\/v2\/categories?post=104922"},{"taxonomy":"post_tag","embeddable":true,"href":"https:\/\/migracao.redenoticia.com.br\/noticia\/wp-json\/wp\/v2\/tags?post=104922"}],"curies":[{"name":"wp","href":"https:\/\/api.w.org\/{rel}","templated":true}]}}