{"id":104940,"date":"2017-01-20T01:36:43","date_gmt":"2017-01-20T03:36:43","guid":{"rendered":"http:\/\/www.redenoticia.com.br\/noticia\/?p=104940"},"modified":"2017-01-19T21:48:16","modified_gmt":"2017-01-19T23:48:16","slug":"policia-federal-e-mpf-vao-investigar-causas-de-acidente-que-matou-teori-zavascki","status":"publish","type":"post","link":"https:\/\/migracao.redenoticia.com.br\/noticia\/2017\/policia-federal-e-mpf-vao-investigar-causas-de-acidente-que-matou-teori-zavascki\/104940","title":{"rendered":"Pol\u00edcia Federal e MPF v\u00e3o investigar causas de acidente que matou Teori Zavascki"},"content":{"rendered":"<p> A Pol\u00edcia Federal e o Minist\u00e9rio P\u00fablico Federal (MPF) em Angra dos Reis abriram inqu\u00e9ritos para apurar as causas do acidente a\u00e9reo que matou o ministro do Supremo Tribunal Federal (STF) <strong><em>Teori Zavascki<\/em><\/strong>. No MPF, o inqu\u00e9rito foi aberto pela procuradora da Rep\u00fablica Cristina Nascimento de Melo. Uma equipe de policiais federais especializados nesse tipo de investiga\u00e7\u00e3o tamb\u00e9m se deslocou para a regi\u00e3o.<\/p>\n<p> Relator das investiga\u00e7\u00f5es da Opera\u00e7\u00e3o Lava Jato na Suprema Corte, Teori Zavascki morreu na quinta-feira (19), aos 68 anos. Mais tr\u00eas pessoas estavam na aeronave, que, no momento da queda, pr\u00f3xima \u00e0 Ilha Rasa, j\u00e1 se preparava para pousar no aeroporto de Paraty.<\/p>\n<p>Apesar de o regimento interno do STF prever que o ministro substituto deva herdar os processos em caso de uma cadeira vaga, h\u00e1 a possibilidade de que algumas a\u00e7\u00f5es sejam redistribu\u00eddas para outros ministros do tribunal.<\/p>\n<p>Por causa da responsabilidade de Teori sobre os processos da Lava Jato no STF, que envolvem acusados com foro privilegiado, associa\u00e7\u00f5es de ju\u00edzes cobraram investiga\u00e7\u00e3o das circunst\u00e2ncias da queda do avi\u00e3o. <\/p>\n<p>Paulo Victor Chagas &#8211; Rep\u00f3rter da Ag\u00eancia Brasil<br \/>\nColaborou Kariane Costa, rep\u00f3rter do Radiojornalismo<br \/>\nEdi\u00e7\u00e3o: Luana Louren\u00e7o<br \/>\n20\/01\/2017<\/p>\n","protected":false},"excerpt":{"rendered":"<p>A Pol\u00edcia Federal e o Minist\u00e9rio P\u00fablico Federal (MPF) em Angra dos Reis abriram inqu\u00e9ritos para apurar as causas do acidente a\u00e9reo que matou o ministro do Supremo Tribunal Federal (STF) Teori Zavascki. No MPF, o inqu\u00e9rito foi aberto pela procuradora da Rep\u00fablica Cristina Nascimento de Melo. Uma equipe de policiais federais especializados nesse tipo [&hellip;]<\/p>\n","protected":false},"author":2,"featured_media":0,"comment_status":"open","ping_status":"closed","sticky":false,"template":"","format":"standard","meta":{"tdm_status":"","tdm_grid_status":"","footnotes":""},"categories":[22],"tags":[],"class_list":{"0":"post-104940","1":"post","2":"type-post","3":"status-publish","4":"format-standard","6":"category-brasil"},"_links":{"self":[{"href":"https:\/\/migracao.redenoticia.com.br\/noticia\/wp-json\/wp\/v2\/posts\/104940","targetHints":{"allow":["GET"]}}],"collection":[{"href":"https:\/\/migracao.redenoticia.com.br\/noticia\/wp-json\/wp\/v2\/posts"}],"about":[{"href":"https:\/\/migracao.redenoticia.com.br\/noticia\/wp-json\/wp\/v2\/types\/post"}],"author":[{"embeddable":true,"href":"https:\/\/migracao.redenoticia.com.br\/noticia\/wp-json\/wp\/v2\/users\/2"}],"replies":[{"embeddable":true,"href":"https:\/\/migracao.redenoticia.com.br\/noticia\/wp-json\/wp\/v2\/comments?post=104940"}],"version-history":[{"count":0,"href":"https:\/\/migracao.redenoticia.com.br\/noticia\/wp-json\/wp\/v2\/posts\/104940\/revisions"}],"wp:attachment":[{"href":"https:\/\/migracao.redenoticia.com.br\/noticia\/wp-json\/wp\/v2\/media?parent=104940"}],"wp:term":[{"taxonomy":"category","embeddable":true,"href":"https:\/\/migracao.redenoticia.com.br\/noticia\/wp-json\/wp\/v2\/categories?post=104940"},{"taxonomy":"post_tag","embeddable":true,"href":"https:\/\/migracao.redenoticia.com.br\/noticia\/wp-json\/wp\/v2\/tags?post=104940"}],"curies":[{"name":"wp","href":"https:\/\/api.w.org\/{rel}","templated":true}]}}