{"id":105033,"date":"2017-01-21T17:27:10","date_gmt":"2017-01-21T19:27:10","guid":{"rendered":"http:\/\/www.redenoticia.com.br\/noticia\/?p=105033"},"modified":"2017-01-21T18:05:46","modified_gmt":"2017-01-21T20:05:46","slug":"novela-cheias-de-charme-resumo-2301-patrick-ve-seu-pai-ser-preso","status":"publish","type":"post","link":"https:\/\/migracao.redenoticia.com.br\/noticia\/2017\/novela-cheias-de-charme-resumo-2301-patrick-ve-seu-pai-ser-preso\/105033","title":{"rendered":"Novela \u201cCheias de Charme\u201d resumo 23\/01: Patrick v\u00ea seu pai ser preso"},"content":{"rendered":"<p><img loading=\"lazy\" decoding=\"async\" class=\"alignleft size-thumbnail wp-image-95548\" src=\"https:\/\/migracao.redenoticia.com.br\/noticia\/imagens\/cheias-de-charme-novela-globo-internacional-resumo-proximo-capitulo-150x112.jpg\" alt=\"cheias-de-charme-novela-globo-internacional-resumo-proximo-capitulo\" width=\"150\" height=\"112\" \/><strong><em>Novela \u201cCheias de Charme\u201d resumo 23\/01<\/em><\/strong>:\u00a0Sandro acredita que vai conseguir pegar o dinheiro da pens\u00e3o de Patrick com Walmir. Quando vai falar com Walmir, ele o v\u00ea ser preso junto com um camel\u00f4 e se apavora. Ent\u00e3o, Jil\u00f3 sugere que Sandro venda seu carro para pagar a pens\u00e3o de Patrick. Penha, que est\u00e1 fora para uma apresenta\u00e7\u00e3o com As Empreguetes, se preocupa com o ex-marido. Sandro acredita que Ru\u00e7o vai ajud\u00e1-lo a pagar a pens\u00e3o de Patrick. Mais tarde, dois policiais chegam para prender Sandro e Patrick v\u00ea. <\/p>\n<p>No cap\u00edtulo 091(*), novela \u201cCheias de Charme\u201d, segunda-feira, 23 de janeiro \u2013 La\u00e9rcio avisa Chayene que Humberto n\u00e3o conseguiu impedir que o reality show fosse ao ar. In\u00e1cio repreende Dinha por falar em Ros\u00e1rio. Conrado e Elano pensam em Cida. As Empreguetes aceitam o convite para gravar o DVD de Jo\u00e3o Neto e Frederico e precisam ficar mais tempo viajando.<\/p>\n<p>Chayene chora ao ver o reality show no ar. In\u00e1cio sonha com Ros\u00e1rio e se surpreende ao ver Dinha. Messias se emociona com a solidariedade dos cond\u00f4minos do Casagrande. Penha se preocupa com o ex-marido. Sandro acredita que Ru\u00e7o vai ajud\u00e1-lo a pagar a pens\u00e3o de Patrick.<\/p>\n<p>Penha avisa a Lygia que Samuel sumiu e a advogada se desespera. Dois policiais chegam para prender Sandro. Rodinei decide ir para Berlim com Liara. Samuel encontra Gilson. Patrick v\u00ea Sandro ser levado pelos policiais. Samuel fala com o pai.<\/p>\n<p>(*) edi\u00e7\u00e3o da Rede Globo, Novela \u201cCheias de Charme\u201d, sujeito a altera\u00e7\u00e3o de data e conte\u00fado.<\/p>\n","protected":false},"excerpt":{"rendered":"<p>Novela \u201cCheias de Charme\u201d resumo 23\/01:\u00a0Sandro acredita que vai conseguir pegar o dinheiro da pens\u00e3o de Patrick com Walmir. Quando vai falar com Walmir, ele o v\u00ea ser preso junto com um camel\u00f4 e se apavora. Ent\u00e3o, Jil\u00f3 sugere que Sandro venda seu carro para pagar a pens\u00e3o de Patrick. Penha, que est\u00e1 fora para [&hellip;]<\/p>\n","protected":false},"author":4,"featured_media":95548,"comment_status":"open","ping_status":"closed","sticky":false,"template":"","format":"standard","meta":{"tdm_status":"","tdm_grid_status":"","footnotes":""},"categories":[379,375,343],"tags":[441],"class_list":{"0":"post-105033","1":"post","2":"type-post","3":"status-publish","4":"format-standard","5":"has-post-thumbnail","7":"category-novelas","8":"category-rede-globo","9":"category-televisao","10":"tag-resumo-do-dia"},"_links":{"self":[{"href":"https:\/\/migracao.redenoticia.com.br\/noticia\/wp-json\/wp\/v2\/posts\/105033","targetHints":{"allow":["GET"]}}],"collection":[{"href":"https:\/\/migracao.redenoticia.com.br\/noticia\/wp-json\/wp\/v2\/posts"}],"about":[{"href":"https:\/\/migracao.redenoticia.com.br\/noticia\/wp-json\/wp\/v2\/types\/post"}],"author":[{"embeddable":true,"href":"https:\/\/migracao.redenoticia.com.br\/noticia\/wp-json\/wp\/v2\/users\/4"}],"replies":[{"embeddable":true,"href":"https:\/\/migracao.redenoticia.com.br\/noticia\/wp-json\/wp\/v2\/comments?post=105033"}],"version-history":[{"count":0,"href":"https:\/\/migracao.redenoticia.com.br\/noticia\/wp-json\/wp\/v2\/posts\/105033\/revisions"}],"wp:featuredmedia":[{"embeddable":true,"href":"https:\/\/migracao.redenoticia.com.br\/noticia\/wp-json\/wp\/v2\/media\/95548"}],"wp:attachment":[{"href":"https:\/\/migracao.redenoticia.com.br\/noticia\/wp-json\/wp\/v2\/media?parent=105033"}],"wp:term":[{"taxonomy":"category","embeddable":true,"href":"https:\/\/migracao.redenoticia.com.br\/noticia\/wp-json\/wp\/v2\/categories?post=105033"},{"taxonomy":"post_tag","embeddable":true,"href":"https:\/\/migracao.redenoticia.com.br\/noticia\/wp-json\/wp\/v2\/tags?post=105033"}],"curies":[{"name":"wp","href":"https:\/\/api.w.org\/{rel}","templated":true}]}}