{"id":105093,"date":"2017-01-23T01:36:12","date_gmt":"2017-01-23T03:36:12","guid":{"rendered":"http:\/\/www.redenoticia.com.br\/noticia\/?p=105093"},"modified":"2017-01-22T17:37:17","modified_gmt":"2017-01-22T19:37:17","slug":"cni-producao-e-emprego-caem-em-2016-mas-reagem-em-relacao-a-2015","status":"publish","type":"post","link":"https:\/\/migracao.redenoticia.com.br\/noticia\/2017\/cni-producao-e-emprego-caem-em-2016-mas-reagem-em-relacao-a-2015\/105093","title":{"rendered":"CNI: produ\u00e7\u00e3o e emprego caem em 2016, mas reagem em rela\u00e7\u00e3o a 2015"},"content":{"rendered":"<p> A produ\u00e7\u00e3o e o <strong><em>emprego na ind\u00fastria<\/em><\/strong> brasileira encerraram 2016 em queda, mas a situa\u00e7\u00e3o \u00e9 mais favor\u00e1vel que a verificada em dezembro de 2015. A informa\u00e7\u00e3o est\u00e1 na pesquisa Sondagem Industrial, divulgada pela Confedera\u00e7\u00e3o Nacional da Ind\u00fastria (CNI).<\/p>\n<p>De acordo com a pesquisa, o indicador de produ\u00e7\u00e3o alcan\u00e7ou 40,7 pontos no \u00faltimo m\u00eas do ano passado, ante 47 pontos em novembro. Embora esteja abaixo da linha divis\u00f3ria dos 50 pontos, o que indica queda na produ\u00e7\u00e3o, o \u00edndice supera os 35,5 pontos registrados em dezembro de 2015.<\/p>\n<p>Segundo a CNI, a queda na produ\u00e7\u00e3o \u00e9 usual em dezembro devido ao fim das encomendas para o Natal. De acordo com a entidade, o \u00edndice de dezembro de 2016 \u00e9 o melhor em quatro anos.<\/p>\n<p>J\u00e1 o indicador que mostra a evolu\u00e7\u00e3o do n\u00famero de empregados ficou em 44,7 pontos no m\u00eas passado, enquanto em novembro estava em 45,8 pontos. Tamb\u00e9m abaixo dos 50 pontos, o \u00edndice melhorou em rela\u00e7\u00e3o ao resultado de dezembro de 2015, quando o emprego estava em 41,5 pontos.<\/p>\n<p>Para a entidade que representa a ind\u00fastria, os dados da sondagem de dezembro mostram que \u201co cen\u00e1rio atual ainda \u00e9 greve\u201d. Na avalia\u00e7\u00e3o da CNI, contudo, \u201co pior pode ter passado\u201d.<\/p>\n<p>Estoques<\/p>\n<p>Os estoques da ind\u00fastria terminaram o ano abaixo do desejado, o que indica que pode haver aumento na produ\u00e7\u00e3o para recomp\u00f4-los. Segundo a CNI, trata-se de um dado positivo.<\/p>\n<p>O indicador que mede o estoque efetivo em rela\u00e7\u00e3o ao planejado ficou em 46,5 pontos em dezembro de 2016. Houve queda em rela\u00e7\u00e3o a novembro, quando o \u00edndice era 48,3 pontos, e estabilidade em rela\u00e7\u00e3o a dezembro de 2015, quando foram registrados 46,6 pontos.<\/p>\n<p>Mariana Branco \u2013 Rep\u00f3rter da Ag\u00eancia Brasil<br \/>\nEdi\u00e7\u00e3o: L\u00edlian Beraldo<br \/>\n23\/01\/2017<\/p>\n","protected":false},"excerpt":{"rendered":"<p>A produ\u00e7\u00e3o e o emprego na ind\u00fastria brasileira encerraram 2016 em queda, mas a situa\u00e7\u00e3o \u00e9 mais favor\u00e1vel que a verificada em dezembro de 2015. A informa\u00e7\u00e3o est\u00e1 na pesquisa Sondagem Industrial, divulgada pela Confedera\u00e7\u00e3o Nacional da Ind\u00fastria (CNI). De acordo com a pesquisa, o indicador de produ\u00e7\u00e3o alcan\u00e7ou 40,7 pontos no \u00faltimo m\u00eas do [&hellip;]<\/p>\n","protected":false},"author":2,"featured_media":57585,"comment_status":"open","ping_status":"closed","sticky":false,"template":"","format":"standard","meta":{"tdm_status":"","tdm_grid_status":"","footnotes":""},"categories":[22,7],"tags":[],"class_list":{"0":"post-105093","1":"post","2":"type-post","3":"status-publish","4":"format-standard","5":"has-post-thumbnail","7":"category-brasil","8":"category-economia"},"_links":{"self":[{"href":"https:\/\/migracao.redenoticia.com.br\/noticia\/wp-json\/wp\/v2\/posts\/105093","targetHints":{"allow":["GET"]}}],"collection":[{"href":"https:\/\/migracao.redenoticia.com.br\/noticia\/wp-json\/wp\/v2\/posts"}],"about":[{"href":"https:\/\/migracao.redenoticia.com.br\/noticia\/wp-json\/wp\/v2\/types\/post"}],"author":[{"embeddable":true,"href":"https:\/\/migracao.redenoticia.com.br\/noticia\/wp-json\/wp\/v2\/users\/2"}],"replies":[{"embeddable":true,"href":"https:\/\/migracao.redenoticia.com.br\/noticia\/wp-json\/wp\/v2\/comments?post=105093"}],"version-history":[{"count":0,"href":"https:\/\/migracao.redenoticia.com.br\/noticia\/wp-json\/wp\/v2\/posts\/105093\/revisions"}],"wp:featuredmedia":[{"embeddable":true,"href":"https:\/\/migracao.redenoticia.com.br\/noticia\/wp-json\/wp\/v2\/media\/57585"}],"wp:attachment":[{"href":"https:\/\/migracao.redenoticia.com.br\/noticia\/wp-json\/wp\/v2\/media?parent=105093"}],"wp:term":[{"taxonomy":"category","embeddable":true,"href":"https:\/\/migracao.redenoticia.com.br\/noticia\/wp-json\/wp\/v2\/categories?post=105093"},{"taxonomy":"post_tag","embeddable":true,"href":"https:\/\/migracao.redenoticia.com.br\/noticia\/wp-json\/wp\/v2\/tags?post=105093"}],"curies":[{"name":"wp","href":"https:\/\/api.w.org\/{rel}","templated":true}]}}