{"id":105103,"date":"2017-01-23T20:45:48","date_gmt":"2017-01-23T22:45:48","guid":{"rendered":"http:\/\/www.redenoticia.com.br\/noticia\/?p=105103"},"modified":"2017-01-24T00:13:34","modified_gmt":"2017-01-24T02:13:34","slug":"novela-a-terra-prometida-resumo-2401-mara-reclama-da-falta-de-coragem-de-jessica","status":"publish","type":"post","link":"https:\/\/migracao.redenoticia.com.br\/noticia\/2017\/novela-a-terra-prometida-resumo-2401-mara-reclama-da-falta-de-coragem-de-jessica\/105103","title":{"rendered":"Novela \u201cA Terra Prometida\u201d resumo 24\/01: Mara reclama da falta de coragem de J\u00e9ssica"},"content":{"rendered":"<p> <img loading=\"lazy\" decoding=\"async\" class=\"alignleft size-thumbnail wp-image-89446\" src=\"https:\/\/migracao.redenoticia.com.br\/noticia\/imagens\/a-terra-prometida-novela-record-resumo-150x112.jpg\" alt=\"a-terra-prometida-novela-record-resumo\" width=\"150\" height=\"112\" srcset=\"https:\/\/migracao.redenoticia.com.br\/noticia\/imagens\/a-terra-prometida-novela-record-resumo-150x112.jpg 150w, https:\/\/migracao.redenoticia.com.br\/noticia\/imagens\/a-terra-prometida-novela-record-resumo-265x198.jpg 265w\" sizes=\"auto, (max-width: 150px) 100vw, 150px\" \/><strong><em>Novela \u201cA Terra Prometida\u201d resumo 24\/01<\/em><\/strong>: Racal diz que est\u00e1 interessado em Mara. Zareg alerta para o perigo de se envolver com a hebreia. J\u00e9ssica conversa com Mara e diz n\u00e3o querer fazer mal a ningu\u00e9m. A vil\u00e3 reclama da falta de coragem da mo\u00e7a e diz que J\u00e9ssica \u00e9 uma fraca. Racal d\u00e1 em cima de Mara, mas ela pede mais respeito.<\/p>\n<p>No capitulo 144(*), novela \u201cA Terra Prometida\u201d, ter\u00e7a-feira, 24 de janeiro &#8211; Elias se desculpa com La\u00eds. Adonizedeque ordena que tragam Ula at\u00e9 o pal\u00e1cio. Elias convida La\u00eds para um novo jantar. No pal\u00e1cio, Adonizedeque pede para Ula vestir-se como uma rainha. J\u00e9ssica conversa com Mara e diz n\u00e3o querer fazer mal a ningu\u00e9m. A vil\u00e3 reclama da falta de coragem da mo\u00e7a e diz que J\u00e9ssica \u00e9 uma fraca. Ula aparece deslumbrante na sala do trono. O rei a admira e pede que ela conte uma de suas hist\u00f3rias. <\/p>\n<p>Racal d\u00e1 em cima de Mara, mas ela pede mais respeito. Josu\u00e9 pede para Zareg contar detalhes de sua viagem at\u00e9 o acampamento. Mireu chega at\u00e9 Gilgal. Orias ora a Deus pedindo ajuda \u00e0 Milah. Adonizedeque e os nobres vibram com as hist\u00f3rias contadas por Ula. O rei pede para ela voltar ao pal\u00e1cio sempre que for chamada. Adonizedeque vai at\u00e9 o quarto para falar com suas prisioneiras. Ele fala que est\u00e1 se interessando em Ula e finge ouvi-las. Ele esbraveja com a Rainha e a Rainha-m\u00e3e, at\u00e9 que aparecem os cad\u00e1veres delas vestidos, revelando que Adonizedeque \u00e9 completamente louco. <\/p>\n<p>Milagrosamente, as manchas na pele de Milah desaparecem. Orias chora de emo\u00e7\u00e3o. Enquanto conversa com Zareg e Racal, Josu\u00e9 \u00e9 surpreendido com a chegada de Salmon e Mireu em sua tenda. O oficial de Jerusal\u00e9m se apresenta e diz ter um recado muito importante de Adonizedeque. Mireu avisa a Josu\u00e9 que est\u00e1 trazendo um recado do rei Adonizedeque. O oficial exige a presen\u00e7a de Zareg e Bogotai. Orias agradece a Deus pelo milagre. Ele e Milah se despedem dos leprosos. Adonizedeque conversa com as caveiras de sua m\u00e3e e esposa. \u00darsula insiste para v\u00ea-las, mas o rei a repreende. Josu\u00e9 descobre que Zareg \u00e9 rei de Gibe\u00e3o. Ula conversa com Lina e diz n\u00e3o ligar para a realeza. Josu\u00e9 ordena a pris\u00e3o dos intrusos. Quemuel parabeniza L\u00e9ia por ter salvo a vida de Yana. Racal v\u00ea os comparsas detidos e foge. Josu\u00e9 avisa que reunir\u00e1 os outros l\u00edderes hebreus. Salmon avisa que ainda falta encontrar um gibeonita. Racal vai at\u00e9 a tenda de Mara e pede ajuda. Ai\u00fade chega e o amea\u00e7a. Racal \u00e9 levado at\u00e9 Josu\u00e9, que ordena a morte dos tr\u00eas. J\u00e9ssica diz que ajudar\u00e1 Elias a conquistar La\u00eds. Zareg avisa que os hebreus juraram proteger suas vidas. Josu\u00e9 reconhece o juramento e diz n\u00e3o poder execut\u00e1-los. Mireu retorna \u00e0 Jerusal\u00e9m e fala sobre o encontro com o l\u00edder de Israel.<\/p>\n<p>(*) edi\u00e7\u00e3o da Rede Record, Novela \u201cA Terra Prometida\u201d, sujeito a altera\u00e7\u00e3o de data e conte\u00fado.<\/p>\n","protected":false},"excerpt":{"rendered":"<p>Novela \u201cA Terra Prometida\u201d resumo 24\/01: Racal diz que est\u00e1 interessado em Mara. Zareg alerta para o perigo de se envolver com a hebreia. J\u00e9ssica conversa com Mara e diz n\u00e3o querer fazer mal a ningu\u00e9m. A vil\u00e3 reclama da falta de coragem da mo\u00e7a e diz que J\u00e9ssica \u00e9 uma fraca. Racal d\u00e1 em [&hellip;]<\/p>\n","protected":false},"author":2,"featured_media":89446,"comment_status":"open","ping_status":"closed","sticky":false,"template":"","format":"standard","meta":{"tdm_status":"","tdm_grid_status":"","footnotes":""},"categories":[446,379,371,343],"tags":[441],"class_list":{"0":"post-105103","1":"post","2":"type-post","3":"status-publish","4":"format-standard","5":"has-post-thumbnail","7":"category-a-terra-prometida","8":"category-novelas","9":"category-rede-record","10":"category-televisao","11":"tag-resumo-do-dia"},"_links":{"self":[{"href":"https:\/\/migracao.redenoticia.com.br\/noticia\/wp-json\/wp\/v2\/posts\/105103","targetHints":{"allow":["GET"]}}],"collection":[{"href":"https:\/\/migracao.redenoticia.com.br\/noticia\/wp-json\/wp\/v2\/posts"}],"about":[{"href":"https:\/\/migracao.redenoticia.com.br\/noticia\/wp-json\/wp\/v2\/types\/post"}],"author":[{"embeddable":true,"href":"https:\/\/migracao.redenoticia.com.br\/noticia\/wp-json\/wp\/v2\/users\/2"}],"replies":[{"embeddable":true,"href":"https:\/\/migracao.redenoticia.com.br\/noticia\/wp-json\/wp\/v2\/comments?post=105103"}],"version-history":[{"count":0,"href":"https:\/\/migracao.redenoticia.com.br\/noticia\/wp-json\/wp\/v2\/posts\/105103\/revisions"}],"wp:featuredmedia":[{"embeddable":true,"href":"https:\/\/migracao.redenoticia.com.br\/noticia\/wp-json\/wp\/v2\/media\/89446"}],"wp:attachment":[{"href":"https:\/\/migracao.redenoticia.com.br\/noticia\/wp-json\/wp\/v2\/media?parent=105103"}],"wp:term":[{"taxonomy":"category","embeddable":true,"href":"https:\/\/migracao.redenoticia.com.br\/noticia\/wp-json\/wp\/v2\/categories?post=105103"},{"taxonomy":"post_tag","embeddable":true,"href":"https:\/\/migracao.redenoticia.com.br\/noticia\/wp-json\/wp\/v2\/tags?post=105103"}],"curies":[{"name":"wp","href":"https:\/\/api.w.org\/{rel}","templated":true}]}}