{"id":10513,"date":"2009-09-02T17:15:00","date_gmt":"2009-09-02T21:15:00","guid":{"rendered":"http:\/\/www.redenoticia.com.br\/noticia\/?p=10513"},"modified":"2009-09-08T19:20:29","modified_gmt":"2009-09-08T23:20:29","slug":"participe-ao-vivo-do-programa-com-povos-da-floresta-no-canal-saude-interativo","status":"publish","type":"post","link":"https:\/\/migracao.redenoticia.com.br\/noticia\/2009\/participe-ao-vivo-do-programa-com-povos-da-floresta-no-canal-saude-interativo\/10513","title":{"rendered":"Participe ao vivo do programa com Povos da Floresta no canal sa\u00fade interativo"},"content":{"rendered":"<p><a href=\"https:\/\/migracao.redenoticia.com.br\/noticia\/imagens\/\/amazonia1.jpg\"><img loading=\"lazy\" decoding=\"async\" class=\"alignleft size-medium wp-image-10514\" title=\"amazonia\" src=\"https:\/\/migracao.redenoticia.com.br\/noticia\/imagens\/\/amazonia1-249x187.jpg\" alt=\"amazonia\" width=\"249\" height=\"187\" srcset=\"https:\/\/migracao.redenoticia.com.br\/noticia\/imagens\/amazonia1-249x187.jpg 249w, https:\/\/migracao.redenoticia.com.br\/noticia\/imagens\/amazonia1-250x187.jpg 250w, https:\/\/migracao.redenoticia.com.br\/noticia\/imagens\/amazonia1.jpg 400w, https:\/\/migracao.redenoticia.com.br\/noticia\/imagens\/amazonia1-150x113.jpg 150w, https:\/\/migracao.redenoticia.com.br\/noticia\/imagens\/amazonia1-265x198.jpg 265w, https:\/\/migracao.redenoticia.com.br\/noticia\/imagens\/amazonia1-149x112.jpg 149w\" sizes=\"auto, (max-width: 249px) 100vw, 249px\" \/><\/a>Em busca da pr\u00f3pria sobreviv\u00eancia, o &#8221;homem branco&#8221; estabelece metas e cria planos mirabolantes para proteger a natureza. E os povos da floresta, o que eles t\u00eam a dizer sobre isso? O programa Sala de Convidados, do Canal Sa\u00fade\/Fiocruz, de sexta (04), \u00e0s 13h, escuta e debate a sabedoria dos povos da floresta em busca de solu\u00e7\u00f5es para a saud\u00e1vel conviv\u00eancia entre desenvolvimento e sustentabilidade socioambiental. Participe ao vivo.\u00a0Veja o que pensam os representantes das popula\u00e7\u00f5es ribeirinhas, extrativistas, quilombolas e ind\u00edgenas sobre o futuro das florestas.<\/p>\n<p>No programa Sala de Convidados, o p\u00fablico participa ao vivo pela WEB <a href=\"http:\/\/www.canalsaude.fiocruz.br\" target=\"_blank\">www.canalsaude.fiocruz.br<\/a>, no chat, ou assistindo pela NBR e ligando 0800 701 8122.\u00a0Se preferir, antecipe a participa\u00e7\u00e3o pelo canal@fiocruz.br<br \/>\nConvidados &#8211; para conversar sobre o tema com internautas e telespectadores estar\u00e3o presentes o coordenador da Rede Povos da Floresta, Ailton Krenak; a pesquisadora da Universidade Federal do Par\u00e1, Camila do Valle; o vice-presidente da Associa\u00e7\u00e3o de Comunidades Remanescentes de Quilombos do Estado do Rio de Janeiro, Dami\u00e3o Braga; e o representante do Conselho Nacional dos Seringueiros, Pedro Ramos.<\/p>\n<p>Sa\u00fade &#8211; O tema faz parte da 1\u00aa Confer\u00eancia Nacional de Sa\u00fade Ambiental (CNSA), que vai acontecer no fim do ano, em Bras\u00edlia. Para os organizadores do evento, &#8221;al\u00e9m dos riscos ambientais provocados pela a\u00e7\u00e3o humana, a perman\u00eancia ou agravamento das desigualdades sociais e econ\u00f4micas, nas v\u00e1rias regi\u00f5es do planeta, especialmente as mais pobres, demonstram a insustentabilidade socioambiental decorrente do modelo de desenvolvimento econ\u00f4mico, bem como suas consequ\u00eancias sobre a sa\u00fade das popula\u00e7\u00f5es.<br \/>\nAlguns dos elementos deste cen\u00e1rio s\u00e3o: o esgotamento dos recursos naturais, como a \u00e1gua e as florestas; os processos acelerados de desertifica\u00e7\u00e3o; a intensifica\u00e7\u00e3o de eventos clim\u00e1ticos extremos; polui\u00e7\u00e3o qu\u00edmica de ambientes urbanos e rurais; e a emerg\u00eancia e a reemerg\u00eancia de doen\u00e7as&#8221;.<br \/>\nA 1\u00aa CNSA conta com o apoio do Canal Sa\u00fade.<\/p>\n<p>Participe ao vivo com sua opini\u00e3o. At\u00e9 l\u00e1!<\/p>\n<p>Onde ver &#8211; Para saber como assistir a NBR na sua cidade ou obter mais informa\u00e7\u00f5es sobre a NBR, acesse <a href=\"http:\/\/www.ebcservicos.ebc.com.br\/veiculos\/nbr\" target=\"_blank\">http:\/\/www.ebcservicos.ebc.com.br\/veiculos\/nbr<\/a> Para assistir no site do Canal Sa\u00fade, acesse , clique na TV com a inscri\u00e7\u00e3o &#8220;ao vivo&#8221; e participe a partir do chat associado \u00e0 transmiss\u00e3o. Se preferir, antecipe suas perguntas: canal@fiocruz.br. O Sala de Convidados \u00e9 apresentado por Renato Farias.<\/p>\n","protected":false},"excerpt":{"rendered":"<p>Em busca da pr\u00f3pria sobreviv\u00eancia, o &#8221;homem branco&#8221; estabelece metas e cria planos mirabolantes para proteger a natureza. E os povos da floresta, o que eles t\u00eam a dizer sobre isso? O programa Sala de Convidados, do Canal Sa\u00fade\/Fiocruz, de sexta (04), \u00e0s 13h, escuta e debate a sabedoria dos povos da floresta em busca [&hellip;]<\/p>\n","protected":false},"author":3,"featured_media":0,"comment_status":"open","ping_status":"open","sticky":false,"template":"","format":"standard","meta":{"tdm_status":"","tdm_grid_status":"","footnotes":""},"categories":[22,5,343],"tags":[],"class_list":{"0":"post-10513","1":"post","2":"type-post","3":"status-publish","4":"format-standard","6":"category-brasil","7":"category-saude-e-vida","8":"category-televisao"},"_links":{"self":[{"href":"https:\/\/migracao.redenoticia.com.br\/noticia\/wp-json\/wp\/v2\/posts\/10513","targetHints":{"allow":["GET"]}}],"collection":[{"href":"https:\/\/migracao.redenoticia.com.br\/noticia\/wp-json\/wp\/v2\/posts"}],"about":[{"href":"https:\/\/migracao.redenoticia.com.br\/noticia\/wp-json\/wp\/v2\/types\/post"}],"author":[{"embeddable":true,"href":"https:\/\/migracao.redenoticia.com.br\/noticia\/wp-json\/wp\/v2\/users\/3"}],"replies":[{"embeddable":true,"href":"https:\/\/migracao.redenoticia.com.br\/noticia\/wp-json\/wp\/v2\/comments?post=10513"}],"version-history":[{"count":0,"href":"https:\/\/migracao.redenoticia.com.br\/noticia\/wp-json\/wp\/v2\/posts\/10513\/revisions"}],"wp:attachment":[{"href":"https:\/\/migracao.redenoticia.com.br\/noticia\/wp-json\/wp\/v2\/media?parent=10513"}],"wp:term":[{"taxonomy":"category","embeddable":true,"href":"https:\/\/migracao.redenoticia.com.br\/noticia\/wp-json\/wp\/v2\/categories?post=10513"},{"taxonomy":"post_tag","embeddable":true,"href":"https:\/\/migracao.redenoticia.com.br\/noticia\/wp-json\/wp\/v2\/tags?post=10513"}],"curies":[{"name":"wp","href":"https:\/\/api.w.org\/{rel}","templated":true}]}}