{"id":105133,"date":"2017-01-23T18:05:21","date_gmt":"2017-01-23T20:05:21","guid":{"rendered":"http:\/\/www.redenoticia.com.br\/noticia\/?p=105133"},"modified":"2017-01-23T19:53:30","modified_gmt":"2017-01-23T21:53:30","slug":"novela-malhacao-resumo-2401-giovane-e-gabriel-enfrentam-se","status":"publish","type":"post","link":"https:\/\/migracao.redenoticia.com.br\/noticia\/2017\/novela-malhacao-resumo-2401-giovane-e-gabriel-enfrentam-se\/105133","title":{"rendered":"Novela \u201cMalha\u00e7\u00e3o\u201d resumo 24\/01: Caio provoca Ricardo"},"content":{"rendered":"<p><img loading=\"lazy\" decoding=\"async\" class=\"alignleft size-thumbnail wp-image-91715\" src=\"https:\/\/migracao.redenoticia.com.br\/noticia\/imagens\/malhacao_pro_dia_nascer_feliz_resumo_novela-150x112.jpg\" alt=\"malhacao_pro_dia_nascer_feliz_resumo_novela\" width=\"150\" height=\"112\" srcset=\"https:\/\/migracao.redenoticia.com.br\/noticia\/imagens\/malhacao_pro_dia_nascer_feliz_resumo_novela-150x112.jpg 150w, https:\/\/migracao.redenoticia.com.br\/noticia\/imagens\/malhacao_pro_dia_nascer_feliz_resumo_novela-265x198.jpg 265w\" sizes=\"auto, (max-width: 150px) 100vw, 150px\" \/><strong><em>Novela \u201cMalha\u00e7\u00e3o\u201d resumo 24\/01<\/em><\/strong>:\u00a0Caio anuncia que quem vai disputar o Rei da Praia \u00e9 Giovane. Gabriel se enfurece. Ricardo tamb\u00e9m n\u00e3o se conforma com a escolha e vai tirar satisfa\u00e7\u00e3o com Caio. O ex-jogador de v\u00f4lei n\u00e3o abaixa a cabe\u00e7a para o antigo parceiro e diz que se ele preferir pode pedir demiss\u00e3o. Mas, quer ver como ele vai explicar para as filhas que ele fez isso por se sentir humilhado. Ricardo n\u00e3o entende e Caio explica que a humilha\u00e7\u00e3o \u00e9 por ter perdido a T\u00e2nia para ele. Ricardo avisa que n\u00e3o vai cair na provoca\u00e7\u00e3o e que ele s\u00f3 est\u00e1 com a mo\u00e7a para atingi-lo, e n\u00e3o por estar apaixonado. Mais tarde, B\u00e1rbara confessa a Ricardo que manipulou a carreira de Gabriel. Giovane e Gabriel enfrentam-se.<\/p>\n<p>No cap\u00edtulo 112 (*), novela \u201cMalha\u00e7\u00e3o\u201d, ter\u00e7a-feira, 24 de janeiro \u2013 Gabriel se enfurece com Caio. Renato se inscreve na academia e Nanda fica curiosa. R\u00f4mulo se aproxima de Sula.<\/p>\n<p>J\u00fanior revela a Juliana e Jab\u00e1 que Lucas \u00e9 o pai do filho de Martinha. Ricardo repreende Caio por escolher Giovane em vez de Gabriel para disputar o torneio. Martinha passa mal e descobre que est\u00e1 com dengue.<\/p>\n<p>Nanda se lembra de Filipe ao conversar com Renato. Irene pede que Giovane desista de participar do torneio e d\u00ea lugar a Gabriel. B\u00e1rbara confessa a Ricardo que manipulou a carreira de Gabriel. Giovane e Gabriel se enfrentam.<\/p>\n<p>(*) edi\u00e7\u00e3o da Rede Globo, Novela \u201cMalha\u00e7\u00e3o\u201d, sujeito a altera\u00e7\u00e3o de data e conte\u00fado.<\/p>\n","protected":false},"excerpt":{"rendered":"<p>Novela \u201cMalha\u00e7\u00e3o\u201d resumo 24\/01:\u00a0Caio anuncia que quem vai disputar o Rei da Praia \u00e9 Giovane. Gabriel se enfurece. Ricardo tamb\u00e9m n\u00e3o se conforma com a escolha e vai tirar satisfa\u00e7\u00e3o com Caio. O ex-jogador de v\u00f4lei n\u00e3o abaixa a cabe\u00e7a para o antigo parceiro e diz que se ele preferir pode pedir demiss\u00e3o. Mas, quer [&hellip;]<\/p>\n","protected":false},"author":4,"featured_media":91715,"comment_status":"open","ping_status":"closed","sticky":false,"template":"","format":"standard","meta":{"tdm_status":"","tdm_grid_status":"","footnotes":""},"categories":[447,379,375,343],"tags":[441],"class_list":{"0":"post-105133","1":"post","2":"type-post","3":"status-publish","4":"format-standard","5":"has-post-thumbnail","7":"category-malhacao","8":"category-novelas","9":"category-rede-globo","10":"category-televisao","11":"tag-resumo-do-dia"},"_links":{"self":[{"href":"https:\/\/migracao.redenoticia.com.br\/noticia\/wp-json\/wp\/v2\/posts\/105133","targetHints":{"allow":["GET"]}}],"collection":[{"href":"https:\/\/migracao.redenoticia.com.br\/noticia\/wp-json\/wp\/v2\/posts"}],"about":[{"href":"https:\/\/migracao.redenoticia.com.br\/noticia\/wp-json\/wp\/v2\/types\/post"}],"author":[{"embeddable":true,"href":"https:\/\/migracao.redenoticia.com.br\/noticia\/wp-json\/wp\/v2\/users\/4"}],"replies":[{"embeddable":true,"href":"https:\/\/migracao.redenoticia.com.br\/noticia\/wp-json\/wp\/v2\/comments?post=105133"}],"version-history":[{"count":0,"href":"https:\/\/migracao.redenoticia.com.br\/noticia\/wp-json\/wp\/v2\/posts\/105133\/revisions"}],"wp:featuredmedia":[{"embeddable":true,"href":"https:\/\/migracao.redenoticia.com.br\/noticia\/wp-json\/wp\/v2\/media\/91715"}],"wp:attachment":[{"href":"https:\/\/migracao.redenoticia.com.br\/noticia\/wp-json\/wp\/v2\/media?parent=105133"}],"wp:term":[{"taxonomy":"category","embeddable":true,"href":"https:\/\/migracao.redenoticia.com.br\/noticia\/wp-json\/wp\/v2\/categories?post=105133"},{"taxonomy":"post_tag","embeddable":true,"href":"https:\/\/migracao.redenoticia.com.br\/noticia\/wp-json\/wp\/v2\/tags?post=105133"}],"curies":[{"name":"wp","href":"https:\/\/api.w.org\/{rel}","templated":true}]}}