{"id":105139,"date":"2017-01-23T20:25:45","date_gmt":"2017-01-23T22:25:45","guid":{"rendered":"http:\/\/www.redenoticia.com.br\/noticia\/?p=105139"},"modified":"2017-01-23T20:01:50","modified_gmt":"2017-01-23T22:01:50","slug":"novela-carinha-de-anjo-resumo-2401-dulce-maria-pede-para-o-pai-casar-com-cecilia","status":"publish","type":"post","link":"https:\/\/migracao.redenoticia.com.br\/noticia\/2017\/novela-carinha-de-anjo-resumo-2401-dulce-maria-pede-para-o-pai-casar-com-cecilia\/105139","title":{"rendered":"Novela \u201cCarinha de Anjo\u201d resumo 24\/01: Dulce Maria pede para o pai casar com Cec\u00edlia"},"content":{"rendered":"<p><img loading=\"lazy\" decoding=\"async\" class=\"alignleft size-thumbnail wp-image-99331\" src=\"https:\/\/migracao.redenoticia.com.br\/noticia\/imagens\/carinha_de_anjo_sbt_novela_resumo_capitulo-150x112.jpg\" alt=\"carinha_de_anjo_sbt_novela_resumo_capitulo\" width=\"150\" height=\"112\" srcset=\"https:\/\/migracao.redenoticia.com.br\/noticia\/imagens\/carinha_de_anjo_sbt_novela_resumo_capitulo-150x112.jpg 150w, https:\/\/migracao.redenoticia.com.br\/noticia\/imagens\/carinha_de_anjo_sbt_novela_resumo_capitulo-265x198.jpg 265w\" sizes=\"auto, (max-width: 150px) 100vw, 150px\" \/><strong><em>Novela \u201cCarinha de Anjo\u201d resumo 24\/01<\/em><\/strong>:\u00a0Dulce Maria pede para o pai casar com a irm\u00e3 Cec\u00edlia e Gustavo explica que isso n\u00e3o pode acontecer, pois ela \u00e9 uma novi\u00e7a. Cec\u00edlia acorda, mas a Madre Superiora pede para que ela repouse. F\u00e1tima telefona para o col\u00e9gio para falar com a irm\u00e3 Cec\u00edlia e avisa que est\u00e1 a chegar. Dulce Maria aparece de mala e chap\u00e9u em seu sonho onde conversa com sua m\u00e3e, Tereza. A pequenina diz que quer ir embora antes da irm\u00e3 Cec\u00edlia para n\u00e3o sofrer muito e Tereza aconselha a garota a ficar do lado de quem lhe ama. <\/p>\n<p>No cap\u00edtulo 047(*), novela \u201cCarinha de Anjo\u201d, ter\u00e7a-feira, 24 de janeiro \u2013 Juju e Em\u00edlio gravam um v\u00eddeo para o vlog dela aonde brincam de torta na cara. Solange avisa Vitor que a prefeitura liberou o alvar\u00e1 do food truck do chef de cozinha. Dulce Maria pede para o pai casar com a irm\u00e3 Cec\u00edlia, Gustavo explica que isso n\u00e3o pode acontecer, pois ela \u00e9 uma novi\u00e7a.<\/p>\n<p>Cec\u00edlia acorda, mas a Madre Superiora pede para que ela repouse. Juju e Em\u00edlio mostram para Dulce Maria o v\u00eddeo que fizeram com as tortas na cara. F\u00e1tima telefona para o col\u00e9gio para falar com a irm\u00e3 Cec\u00edlia e avisa que est\u00e1 chegando. Dulce Maria aparece de mala e chap\u00e9u em seu sonho onde conversa com sua m\u00e3e, Tereza.<\/p>\n<p>A pequenina diz que quer ir embora antes da irm\u00e3 Cec\u00edlia para n\u00e3o sofrer muito e Tereza aconselha a garota a ficar do lado de quem lhe ama. Em\u00edlio cobra da m\u00e3e o uniforme de super-her\u00f3i que quer usar. Z\u00e9 conversa com seus amigos que foram at\u00e9 sua casa.<\/p>\n<p>(*) edi\u00e7\u00e3o do SBT, Novela \u201cCarinha de Anjo\u201d, sujeito a altera\u00e7\u00e3o de data e conte\u00fado.<\/p>\n","protected":false},"excerpt":{"rendered":"<p>Novela \u201cCarinha de Anjo\u201d resumo 24\/01:\u00a0Dulce Maria pede para o pai casar com a irm\u00e3 Cec\u00edlia e Gustavo explica que isso n\u00e3o pode acontecer, pois ela \u00e9 uma novi\u00e7a. Cec\u00edlia acorda, mas a Madre Superiora pede para que ela repouse. F\u00e1tima telefona para o col\u00e9gio para falar com a irm\u00e3 Cec\u00edlia e avisa que est\u00e1 [&hellip;]<\/p>\n","protected":false},"author":4,"featured_media":99331,"comment_status":"open","ping_status":"closed","sticky":false,"template":"","format":"standard","meta":{"tdm_status":"","tdm_grid_status":"","footnotes":""},"categories":[452,379,372,343],"tags":[441],"class_list":{"0":"post-105139","1":"post","2":"type-post","3":"status-publish","4":"format-standard","5":"has-post-thumbnail","7":"category-carinha-de-anjo","8":"category-novelas","9":"category-sbt","10":"category-televisao","11":"tag-resumo-do-dia"},"_links":{"self":[{"href":"https:\/\/migracao.redenoticia.com.br\/noticia\/wp-json\/wp\/v2\/posts\/105139","targetHints":{"allow":["GET"]}}],"collection":[{"href":"https:\/\/migracao.redenoticia.com.br\/noticia\/wp-json\/wp\/v2\/posts"}],"about":[{"href":"https:\/\/migracao.redenoticia.com.br\/noticia\/wp-json\/wp\/v2\/types\/post"}],"author":[{"embeddable":true,"href":"https:\/\/migracao.redenoticia.com.br\/noticia\/wp-json\/wp\/v2\/users\/4"}],"replies":[{"embeddable":true,"href":"https:\/\/migracao.redenoticia.com.br\/noticia\/wp-json\/wp\/v2\/comments?post=105139"}],"version-history":[{"count":0,"href":"https:\/\/migracao.redenoticia.com.br\/noticia\/wp-json\/wp\/v2\/posts\/105139\/revisions"}],"wp:featuredmedia":[{"embeddable":true,"href":"https:\/\/migracao.redenoticia.com.br\/noticia\/wp-json\/wp\/v2\/media\/99331"}],"wp:attachment":[{"href":"https:\/\/migracao.redenoticia.com.br\/noticia\/wp-json\/wp\/v2\/media?parent=105139"}],"wp:term":[{"taxonomy":"category","embeddable":true,"href":"https:\/\/migracao.redenoticia.com.br\/noticia\/wp-json\/wp\/v2\/categories?post=105139"},{"taxonomy":"post_tag","embeddable":true,"href":"https:\/\/migracao.redenoticia.com.br\/noticia\/wp-json\/wp\/v2\/tags?post=105139"}],"curies":[{"name":"wp","href":"https:\/\/api.w.org\/{rel}","templated":true}]}}