{"id":10518,"date":"2009-09-02T17:21:41","date_gmt":"2009-09-02T21:21:41","guid":{"rendered":"http:\/\/www.redenoticia.com.br\/noticia\/?p=10518"},"modified":"2009-09-02T17:21:41","modified_gmt":"2009-09-02T21:21:41","slug":"qual-a-taxa-ideal-da-pressao-arterial","status":"publish","type":"post","link":"https:\/\/migracao.redenoticia.com.br\/noticia\/2009\/qual-a-taxa-ideal-da-pressao-arterial\/10518","title":{"rendered":"Qual a taxa ideal da press\u00e3o arterial?"},"content":{"rendered":"<p>Pesquisa da Sociedade de Cardiologia do Estado de S\u00e3o Paulo aponta que 6% dos paulistas desconhecem a taxa ideal da sua press\u00e3o arterial. &#8220;Este dado confirma que as pessoas ignoram o seu estado de sa\u00fade pelo simples fato de n\u00e3o irem ao m\u00e9dico regularmente&#8221;, diz o cardiologista-intervencionista e coordenador do Servi\u00e7o de Hemodin\u00e2mica do Hospital Bandeirantes, Dr. H\u00e9lio Castello.\u00a0O mais preocupante para o m\u00e9dico \u00e9 que, al\u00e9m de n\u00e3o se submeter aos exames rotineiros, o hipertenso, mesmo quando descobre o problema, costuma abandonar o tratamento um ano depois do diagn\u00f3stico.<\/p>\n<p>&#8220;Uma press\u00e3o sob controle deve estar abaixo de 14 por 9, sendo considerado, pela Organiza\u00e7\u00e3o Mundial de Sa\u00fade (OMS) o valor em torno de 120&#215;80 mmHg como normal . Se o \u00edndice m\u00e1ximo for 20 e o m\u00ednimo 10, h\u00e1 perigo de infarto, AVC e outras complica\u00e7\u00f5es&#8221;, explica o m\u00e9dico.<\/p>\n<p>Segundo o cardiologista, h\u00e1 pessoas que vivem bem com a hipotens\u00e3o (press\u00e3o baixa) &#8211; 8 por 6, por exemplo. Elas n\u00e3o sentem inc\u00f4modos, como desmaio e tonturas, e desenvolvem bem suas tarefas.<\/p>\n<p>No passado, a aferi\u00e7\u00e3o da press\u00e3o arterial podia ser feita em farm\u00e1cias, Por\u00e9m, a Ag\u00eancia Nacional de Vigil\u00e2ncia Sanit\u00e1ria (Anvisa) decidiu que apenas hospitais est\u00e3o aptos a fazer o procedimento visando evitar erros de diagn\u00f3stico. A medida deve ser feita por um profissional treinado e por medidores calibrados.<\/p>\n<p>&#8220;Caso desconhe\u00e7a a sua press\u00e3o e n\u00e3o tenha nenhum sintoma, \u00e9 recomend\u00e1vel medir uma vez ao ano. Em pessoas com hist\u00f3rico familiar, a periodicidade deve ser de pelo menos a cada seis meses&#8221;, conclui Dr. H\u00e9lio Castello, cardiologista-intervencionista do Hospital Bandeirantes.<\/p>\n<p>SOBRE O HOSPITAL BANDEIRANTES \u00a0\u00a0Localizado no bairro da Liberdade, regi\u00e3o central da capital paulista, o Hospital Bandeirantes tem 34 anos de exist\u00eancia e \u00e9 refer\u00eancia em atendimentos de alta complexidade, com know-how nas \u00e1reas de aten\u00e7\u00e3o cardiovascular, oncologia, transplantes e cirurgias especializadas.. Fazem parte do Grupo Sa\u00fade Bandeirantes, junto com o Hospital Leforte, no Morumbi, Hospital Gl\u00f3ria, na Liberdade, Hospital Lacan, para atendimento psiqui\u00e1trico, em S\u00e3o Bernardo do Campo, e Regional do Vale do Para\u00edba, em Taubat\u00e9.<\/p>\n","protected":false},"excerpt":{"rendered":"<p>Pesquisa da Sociedade de Cardiologia do Estado de S\u00e3o Paulo aponta que 6% dos paulistas desconhecem a taxa ideal da sua press\u00e3o arterial. &#8220;Este dado confirma que as pessoas ignoram o seu estado de sa\u00fade pelo simples fato de n\u00e3o irem ao m\u00e9dico regularmente&#8221;, diz o cardiologista-intervencionista e coordenador do Servi\u00e7o de Hemodin\u00e2mica do Hospital [&hellip;]<\/p>\n","protected":false},"author":3,"featured_media":0,"comment_status":"open","ping_status":"open","sticky":false,"template":"","format":"standard","meta":{"tdm_status":"","tdm_grid_status":"","footnotes":""},"categories":[22,5],"tags":[],"class_list":{"0":"post-10518","1":"post","2":"type-post","3":"status-publish","4":"format-standard","6":"category-brasil","7":"category-saude-e-vida"},"_links":{"self":[{"href":"https:\/\/migracao.redenoticia.com.br\/noticia\/wp-json\/wp\/v2\/posts\/10518","targetHints":{"allow":["GET"]}}],"collection":[{"href":"https:\/\/migracao.redenoticia.com.br\/noticia\/wp-json\/wp\/v2\/posts"}],"about":[{"href":"https:\/\/migracao.redenoticia.com.br\/noticia\/wp-json\/wp\/v2\/types\/post"}],"author":[{"embeddable":true,"href":"https:\/\/migracao.redenoticia.com.br\/noticia\/wp-json\/wp\/v2\/users\/3"}],"replies":[{"embeddable":true,"href":"https:\/\/migracao.redenoticia.com.br\/noticia\/wp-json\/wp\/v2\/comments?post=10518"}],"version-history":[{"count":0,"href":"https:\/\/migracao.redenoticia.com.br\/noticia\/wp-json\/wp\/v2\/posts\/10518\/revisions"}],"wp:attachment":[{"href":"https:\/\/migracao.redenoticia.com.br\/noticia\/wp-json\/wp\/v2\/media?parent=10518"}],"wp:term":[{"taxonomy":"category","embeddable":true,"href":"https:\/\/migracao.redenoticia.com.br\/noticia\/wp-json\/wp\/v2\/categories?post=10518"},{"taxonomy":"post_tag","embeddable":true,"href":"https:\/\/migracao.redenoticia.com.br\/noticia\/wp-json\/wp\/v2\/tags?post=10518"}],"curies":[{"name":"wp","href":"https:\/\/api.w.org\/{rel}","templated":true}]}}