{"id":105182,"date":"2017-01-24T01:02:59","date_gmt":"2017-01-24T03:02:59","guid":{"rendered":"http:\/\/www.redenoticia.com.br\/noticia\/?p=105182"},"modified":"2017-01-23T21:03:42","modified_gmt":"2017-01-23T23:03:42","slug":"poli-abre-inscricoes-para-mba-inovacao-tecnologica-em-comunicacao-e-redes","status":"publish","type":"post","link":"https:\/\/migracao.redenoticia.com.br\/noticia\/2017\/poli-abre-inscricoes-para-mba-inovacao-tecnologica-em-comunicacao-e-redes\/105182","title":{"rendered":"Poli abre inscri\u00e7\u00f5es para MBA Inova\u00e7\u00e3o Tecnol\u00f3gica em Comunica\u00e7\u00e3o e Redes"},"content":{"rendered":"<p> Ag\u00eancia FAPESP \u2013 O Laborat\u00f3rio de Arquitetura e Redes de Computadores da Escola Polit\u00e9cnica (Poli) da Universidade de S\u00e3o Paulo (USP) abriu inscri\u00e7\u00f5es para o processo seletivo do <strong><em>MBA Inova\u00e7\u00e3o Tecnol\u00f3gica em Comunica\u00e7\u00e3o e Redes<\/em><\/strong>. O prazo de inscri\u00e7\u00e3o encerra em 5 de fevereiro.<\/p>\n<p>O curso est\u00e1 divido em tr\u00eas \u00e1reas \u2013 Tecnologia da Informa\u00e7\u00e3o e Comunica\u00e7\u00e3o, Gest\u00e3o e Inova\u00e7\u00e3o e Neg\u00f3cios \u2013, tendo como p\u00fablico-alvo profissionais graduados que atuem em todos os n\u00edveis na \u00e1rea de Teleinform\u00e1tica.<\/p>\n<p>A primeira fase do curso tem dura\u00e7\u00e3o de 12 meses, com 25 disciplinas e um total de 474 horas\/aulas. Conclu\u00edda essa fase, os alunos ter\u00e3o mais tr\u00eas meses, num total de 100 horas, para o desenvolvimento de monografia.<\/p>\n<p>As disciplinas ser\u00e3o ministradas \u00e0s segundas, ter\u00e7as e quintas-feiras das 19h \u00e0s 22 h. Excepcionalmente \u00e0s quartas-feiras ser\u00e3o agendadas aulas de laborat\u00f3rio, provas de recupera\u00e7\u00e3o ou palestras.<\/p>\n<p>O programa tem como base um ambiente de e-learning Ae-LARC, por meio do qual o aluno pode acessar todo o material did\u00e1tico e v\u00eddeos das aulas gravadas, al\u00e9m de fazer exerc\u00edcios, participar de f\u00f3runs de discuss\u00e3o, entre outros.<\/p>\n<p>O processo seletivo ser\u00e1 feito em tr\u00eas etapas: an\u00e1lise de documenta\u00e7\u00e3o (curr\u00edculo e hist\u00f3rico escolar), entrevistas individuais e reda\u00e7\u00e3o.<\/p>\n<p>Para mais informa\u00e7\u00f5es acesse: .<\/p>\n","protected":false},"excerpt":{"rendered":"<p>Ag\u00eancia FAPESP \u2013 O Laborat\u00f3rio de Arquitetura e Redes de Computadores da Escola Polit\u00e9cnica (Poli) da Universidade de S\u00e3o Paulo (USP) abriu inscri\u00e7\u00f5es para o processo seletivo do MBA Inova\u00e7\u00e3o Tecnol\u00f3gica em Comunica\u00e7\u00e3o e Redes. O prazo de inscri\u00e7\u00e3o encerra em 5 de fevereiro. O curso est\u00e1 divido em tr\u00eas \u00e1reas \u2013 Tecnologia da Informa\u00e7\u00e3o [&hellip;]<\/p>\n","protected":false},"author":2,"featured_media":28951,"comment_status":"open","ping_status":"closed","sticky":false,"template":"","format":"standard","meta":{"tdm_status":"","tdm_grid_status":"","footnotes":""},"categories":[22,351,370],"tags":[],"class_list":{"0":"post-105182","1":"post","2":"type-post","3":"status-publish","4":"format-standard","5":"has-post-thumbnail","7":"category-brasil","8":"category-cursos","9":"category-inscricao"},"_links":{"self":[{"href":"https:\/\/migracao.redenoticia.com.br\/noticia\/wp-json\/wp\/v2\/posts\/105182","targetHints":{"allow":["GET"]}}],"collection":[{"href":"https:\/\/migracao.redenoticia.com.br\/noticia\/wp-json\/wp\/v2\/posts"}],"about":[{"href":"https:\/\/migracao.redenoticia.com.br\/noticia\/wp-json\/wp\/v2\/types\/post"}],"author":[{"embeddable":true,"href":"https:\/\/migracao.redenoticia.com.br\/noticia\/wp-json\/wp\/v2\/users\/2"}],"replies":[{"embeddable":true,"href":"https:\/\/migracao.redenoticia.com.br\/noticia\/wp-json\/wp\/v2\/comments?post=105182"}],"version-history":[{"count":0,"href":"https:\/\/migracao.redenoticia.com.br\/noticia\/wp-json\/wp\/v2\/posts\/105182\/revisions"}],"wp:featuredmedia":[{"embeddable":true,"href":"https:\/\/migracao.redenoticia.com.br\/noticia\/wp-json\/wp\/v2\/media\/28951"}],"wp:attachment":[{"href":"https:\/\/migracao.redenoticia.com.br\/noticia\/wp-json\/wp\/v2\/media?parent=105182"}],"wp:term":[{"taxonomy":"category","embeddable":true,"href":"https:\/\/migracao.redenoticia.com.br\/noticia\/wp-json\/wp\/v2\/categories?post=105182"},{"taxonomy":"post_tag","embeddable":true,"href":"https:\/\/migracao.redenoticia.com.br\/noticia\/wp-json\/wp\/v2\/tags?post=105182"}],"curies":[{"name":"wp","href":"https:\/\/api.w.org\/{rel}","templated":true}]}}