{"id":105190,"date":"2017-01-24T01:07:17","date_gmt":"2017-01-24T03:07:17","guid":{"rendered":"http:\/\/www.redenoticia.com.br\/noticia\/?p=105190"},"modified":"2017-01-23T21:08:17","modified_gmt":"2017-01-23T23:08:17","slug":"ipc-s-inflacao-semanal-fica-praticamente-estavel-em-063","status":"publish","type":"post","link":"https:\/\/migracao.redenoticia.com.br\/noticia\/2017\/ipc-s-inflacao-semanal-fica-praticamente-estavel-em-063\/105190","title":{"rendered":"IPC-S: infla\u00e7\u00e3o semanal fica praticamente est\u00e1vel em 0,63%"},"content":{"rendered":"<p> A <strong><em>infla\u00e7\u00e3o<\/em><\/strong> medida pelo \u00cdndice de Pre\u00e7os ao Consumidor Semanal (IPC-S) relativa \u00e0 terceira quadrissemana de janeiro ficou praticamente est\u00e1vel ao subir apenas 0,01 ponto percentual em rela\u00e7\u00e3o \u00e0 semana imediatamente anterior. O \u00edndice ficou em 0,63%.<\/p>\n<p>Segundo dados divulgados pelo Instituto Brasileiro de Economia da Funda\u00e7\u00e3o Getulio Vargas (Ibre-FGV), na terceira quadrissemana deste m\u00eas, tr\u00eas das oito classes de despesa componentes do \u00edndice apresentaram acr\u00e9scimo em suas taxas de varia\u00e7\u00e3o.<\/p>\n<p>A maior contribui\u00e7\u00e3o partiu do grupo habita\u00e7\u00e3o, cujos \u00edndices passaram de 0,01% para 0,18%, alta de 0,17 ponto percentual \u2013 impulsionada pelo item relativo \u00e0 tarifa de eletricidade residencial, que passou de -2,55% para -1,32%.<\/p>\n<p>Tamb\u00e9m registraram acr\u00e9scimo em suas taxas de varia\u00e7\u00e3o os grupos: Educa\u00e7\u00e3o, Leitura e Recrea\u00e7\u00e3o (1,95% para 2,53%) e Comunica\u00e7\u00e3o (0,36% para 0,40%). Nestas classes de despesa, vale destacar o comportamento dos itens: cursos formais (3,75% para 5,78%) e tarifa de telefone m\u00f3vel (0,54% para 0,86%), respectivamente.<\/p>\n<p>Em contrapartida, entre as cinco classes de despesas que contribu\u00edram para a estabiliza\u00e7\u00e3o dos pre\u00e7os destaca-se o grupo dos alimentos, que registrou queda de 0,13 ponto percentual entre uma semana e outra: de 0,77% para 0,64%. Os \u00edndices tamb\u00e9m recuaram nos grupos transportes (1,06% para 0,88%), sa\u00fade e cuidados pessoais (0,56% para 0,46%), vestu\u00e1rio (-0,41% para -0,49%) e despesas diversas (0,92% para 0,66%).<\/p>\n<p>Nielmar de Oliveira \u2013 Rep\u00f3rter da Ag\u00eancia Brasil<br \/>\nEdi\u00e7\u00e3o: Denise Griesinger<br \/>\n24\/01\/2017<\/p>\n","protected":false},"excerpt":{"rendered":"<p>A infla\u00e7\u00e3o medida pelo \u00cdndice de Pre\u00e7os ao Consumidor Semanal (IPC-S) relativa \u00e0 terceira quadrissemana de janeiro ficou praticamente est\u00e1vel ao subir apenas 0,01 ponto percentual em rela\u00e7\u00e3o \u00e0 semana imediatamente anterior. O \u00edndice ficou em 0,63%. Segundo dados divulgados pelo Instituto Brasileiro de Economia da Funda\u00e7\u00e3o Getulio Vargas (Ibre-FGV), na terceira quadrissemana deste m\u00eas, [&hellip;]<\/p>\n","protected":false},"author":2,"featured_media":57584,"comment_status":"open","ping_status":"closed","sticky":false,"template":"","format":"standard","meta":{"tdm_status":"","tdm_grid_status":"","footnotes":""},"categories":[22,7],"tags":[],"class_list":{"0":"post-105190","1":"post","2":"type-post","3":"status-publish","4":"format-standard","5":"has-post-thumbnail","7":"category-brasil","8":"category-economia"},"_links":{"self":[{"href":"https:\/\/migracao.redenoticia.com.br\/noticia\/wp-json\/wp\/v2\/posts\/105190","targetHints":{"allow":["GET"]}}],"collection":[{"href":"https:\/\/migracao.redenoticia.com.br\/noticia\/wp-json\/wp\/v2\/posts"}],"about":[{"href":"https:\/\/migracao.redenoticia.com.br\/noticia\/wp-json\/wp\/v2\/types\/post"}],"author":[{"embeddable":true,"href":"https:\/\/migracao.redenoticia.com.br\/noticia\/wp-json\/wp\/v2\/users\/2"}],"replies":[{"embeddable":true,"href":"https:\/\/migracao.redenoticia.com.br\/noticia\/wp-json\/wp\/v2\/comments?post=105190"}],"version-history":[{"count":0,"href":"https:\/\/migracao.redenoticia.com.br\/noticia\/wp-json\/wp\/v2\/posts\/105190\/revisions"}],"wp:featuredmedia":[{"embeddable":true,"href":"https:\/\/migracao.redenoticia.com.br\/noticia\/wp-json\/wp\/v2\/media\/57584"}],"wp:attachment":[{"href":"https:\/\/migracao.redenoticia.com.br\/noticia\/wp-json\/wp\/v2\/media?parent=105190"}],"wp:term":[{"taxonomy":"category","embeddable":true,"href":"https:\/\/migracao.redenoticia.com.br\/noticia\/wp-json\/wp\/v2\/categories?post=105190"},{"taxonomy":"post_tag","embeddable":true,"href":"https:\/\/migracao.redenoticia.com.br\/noticia\/wp-json\/wp\/v2\/tags?post=105190"}],"curies":[{"name":"wp","href":"https:\/\/api.w.org\/{rel}","templated":true}]}}