{"id":105207,"date":"2017-01-24T20:27:02","date_gmt":"2017-01-24T22:27:02","guid":{"rendered":"http:\/\/www.redenoticia.com.br\/noticia\/?p=105207"},"modified":"2017-01-24T00:14:36","modified_gmt":"2017-01-24T02:14:36","slug":"novela-a-terra-prometida-resumo-2501-josue-ordena-a-prisao-dos-intrusos","status":"publish","type":"post","link":"https:\/\/migracao.redenoticia.com.br\/noticia\/2017\/novela-a-terra-prometida-resumo-2501-josue-ordena-a-prisao-dos-intrusos\/105207","title":{"rendered":"Novela \u201cA Terra Prometida\u201d resumo 25\/01: Josu\u00e9 ordena a pris\u00e3o dos intrusos"},"content":{"rendered":"<p> <img loading=\"lazy\" decoding=\"async\" class=\"alignleft size-thumbnail wp-image-89446\" src=\"https:\/\/migracao.redenoticia.com.br\/noticia\/imagens\/a-terra-prometida-novela-record-resumo-150x112.jpg\" alt=\"a-terra-prometida-novela-record-resumo\" width=\"150\" height=\"112\" srcset=\"https:\/\/migracao.redenoticia.com.br\/noticia\/imagens\/a-terra-prometida-novela-record-resumo-150x112.jpg 150w, https:\/\/migracao.redenoticia.com.br\/noticia\/imagens\/a-terra-prometida-novela-record-resumo-265x198.jpg 265w\" sizes=\"auto, (max-width: 150px) 100vw, 150px\" \/><strong><em>Novela \u201cA Terra Prometida\u201d resumo 25\/01<\/em><\/strong>: Mireu avisa a Josu\u00e9 que est\u00e1 trazendo um recado do rei Adonizedeque. O oficial exige a presen\u00e7a de Zareg e Bogotai. Josu\u00e9 descobre que Zareg \u00e9 rei de Gibe\u00e3o. Josu\u00e9 ordena a pris\u00e3o dos intrusos. Racal v\u00ea os comparsas detidos e foge. Josu\u00e9 avisa que reunir\u00e1 os outros l\u00edderes hebreus. Mireu retorna \u00e0 Jerusal\u00e9m e fala sobre o encontro com o l\u00edder de Israel. <\/p>\n<p>No capitulo 146(*), novela \u201cA Terra Prometida\u201d, quarta-feira, 25 de janeiro &#8211; Mireu avisa a Josu\u00e9 que est\u00e1 trazendo um recado do rei Adonizedeque. O oficial exige a presen\u00e7a de Zareg e Bogotai. Orias agradece a Deus pelo milagre. Ele e Milah se despedem dos leprosos. Adonizedeque conversa com as caveiras de sua m\u00e3e e esposa. \u00darsula insiste para v\u00ea-las, mas o rei a repreende. Josu\u00e9 descobre que Zareg \u00e9 rei de Gibe\u00e3o. Ula conversa com Lina e diz n\u00e3o ligar para a realeza. Josu\u00e9 ordena a pris\u00e3o dos intrusos. Quemuel parabeniza L\u00e9ia por ter salvo a vida de Yana. Racal v\u00ea os comparsas detidos e foge. Josu\u00e9 avisa que reunir\u00e1 os outros l\u00edderes hebreus. Salmon avisa que ainda falta encontrar um gibeonita. Racal vai at\u00e9 a tenda de Mara e pede ajuda. Ai\u00fade chega e o amea\u00e7a. Racal \u00e9 levado at\u00e9 Josu\u00e9, que ordena a morte dos tr\u00eas. J\u00e9ssica diz que ajudar\u00e1 Elias a conquistar La\u00eds. Zareg avisa que os hebreus juraram proteger suas vidas. Josu\u00e9 reconhece o juramento e diz n\u00e3o poder execut\u00e1-los. Mireu retorna \u00e0 Jerusal\u00e9m e fala sobre o encontro com o l\u00edder de Israel. <\/p>\n<p>O oficial avisa que Josu\u00e9 tem uma bela esposa chamada Aruna. Adonizedeque avisa que este pode ser um ponto fraco do l\u00edder hebreu. Raabe se emociona ao saber que Milah foi curada por Deus. Josu\u00e9 avisa que os intrusos se tornar\u00e3o servos do povo hebreu. Noemi conversa com Aruna e fala sobre a import\u00e2ncia de estarem sempre atentas. Josu\u00e9 avisa que Racal servir\u00e1 \u00e0 fam\u00edlia de Ai\u00fade, Calebe receber\u00e1 os servi\u00e7os de Zareg e Bogotai dever\u00e1 servir \u00e0 Fin\u00e9ias. <\/p>\n<p>Milah se emociona ao ver o beb\u00ea Boaz. Ela e Orias se apresentam a Eleazar. Josu\u00e9 comunica o milagre a todos os hebreus. Josu\u00e9 e Aruna falam sobre o Senhor. Racal se apresenta \u00e0 Mara como seu servo. La\u00eds e Iru jantam na tenda de Elias. Mara avisa que dar\u00e1 muito trabalho a Racal. J\u00e9ssica e Elias agradecem a visita de Iru e La\u00eds. Mara flagra Racal venerando algumas estatuetas de deuses cananeus.<\/p>\n<p>(*) edi\u00e7\u00e3o da Rede Record, Novela \u201cA Terra Prometida\u201d, sujeito a altera\u00e7\u00e3o de data e conte\u00fado.<\/p>\n","protected":false},"excerpt":{"rendered":"<p>Novela \u201cA Terra Prometida\u201d resumo 25\/01: Mireu avisa a Josu\u00e9 que est\u00e1 trazendo um recado do rei Adonizedeque. O oficial exige a presen\u00e7a de Zareg e Bogotai. Josu\u00e9 descobre que Zareg \u00e9 rei de Gibe\u00e3o. Josu\u00e9 ordena a pris\u00e3o dos intrusos. Racal v\u00ea os comparsas detidos e foge. Josu\u00e9 avisa que reunir\u00e1 os outros l\u00edderes [&hellip;]<\/p>\n","protected":false},"author":2,"featured_media":89446,"comment_status":"open","ping_status":"closed","sticky":false,"template":"","format":"standard","meta":{"tdm_status":"","tdm_grid_status":"","footnotes":""},"categories":[446,379,371,343],"tags":[441],"class_list":{"0":"post-105207","1":"post","2":"type-post","3":"status-publish","4":"format-standard","5":"has-post-thumbnail","7":"category-a-terra-prometida","8":"category-novelas","9":"category-rede-record","10":"category-televisao","11":"tag-resumo-do-dia"},"_links":{"self":[{"href":"https:\/\/migracao.redenoticia.com.br\/noticia\/wp-json\/wp\/v2\/posts\/105207","targetHints":{"allow":["GET"]}}],"collection":[{"href":"https:\/\/migracao.redenoticia.com.br\/noticia\/wp-json\/wp\/v2\/posts"}],"about":[{"href":"https:\/\/migracao.redenoticia.com.br\/noticia\/wp-json\/wp\/v2\/types\/post"}],"author":[{"embeddable":true,"href":"https:\/\/migracao.redenoticia.com.br\/noticia\/wp-json\/wp\/v2\/users\/2"}],"replies":[{"embeddable":true,"href":"https:\/\/migracao.redenoticia.com.br\/noticia\/wp-json\/wp\/v2\/comments?post=105207"}],"version-history":[{"count":0,"href":"https:\/\/migracao.redenoticia.com.br\/noticia\/wp-json\/wp\/v2\/posts\/105207\/revisions"}],"wp:featuredmedia":[{"embeddable":true,"href":"https:\/\/migracao.redenoticia.com.br\/noticia\/wp-json\/wp\/v2\/media\/89446"}],"wp:attachment":[{"href":"https:\/\/migracao.redenoticia.com.br\/noticia\/wp-json\/wp\/v2\/media?parent=105207"}],"wp:term":[{"taxonomy":"category","embeddable":true,"href":"https:\/\/migracao.redenoticia.com.br\/noticia\/wp-json\/wp\/v2\/categories?post=105207"},{"taxonomy":"post_tag","embeddable":true,"href":"https:\/\/migracao.redenoticia.com.br\/noticia\/wp-json\/wp\/v2\/tags?post=105207"}],"curies":[{"name":"wp","href":"https:\/\/api.w.org\/{rel}","templated":true}]}}